{"id":215130,"date":"2024-08-07T17:01:51","date_gmt":"2024-08-07T23:01:51","guid":{"rendered":"https:\/\/www.enteratever.com\/2023\/?p=215130"},"modified":"2024-08-07T17:20:19","modified_gmt":"2024-08-07T23:20:19","slug":"acercate-al-programa-literario-de-la-4a-feria-nacional-del-libro-infantil-y-juvenil-veracruz-2024","status":"publish","type":"post","link":"https:\/\/www.enteratever.com\/2023\/2024\/08\/07\/acercate-al-programa-literario-de-la-4a-feria-nacional-del-libro-infantil-y-juvenil-veracruz-2024\/","title":{"rendered":"Ac\u00e9rcate al programa literario de la 4\u00aa Feria Nacional del Libro Infantil y Juvenil, Veracruz 2024"},"content":{"rendered":"<p>Visitas: 6<\/p><p>La\u00a0<b>Secretar\u00eda de Cultura de Veracruz<\/b>\u00a0presenta el programa literario de la\u00a0<b>4\u00aa Feria Nacional del Libro Infantil y Juvenil, Veracruz 2024<\/b>, que este a\u00f1o cuenta con lanzamientos editoriales de novela, ensayo, cuento y poes\u00eda para todas las y los lectores. El p\u00fablico podr\u00e1 asistir a las presentaciones del mi\u00e9rcoles 14 al domingo 18 de agosto, de las 13:00 a las 19:00 horas, en el auditorio del\u00a0<b>Centro Cultural Exconvento Betlehemita<\/b>.<\/p>\n<p>El primer d\u00eda de la feria, el 14 de agosto, se presentar\u00e1 un rico programa de novedades editoriales en los g\u00e9neros de ensayo, poes\u00eda y narrativa. La librer\u00eda y editorial Mar Adentro abrir\u00e1 el programa de presentaciones a las 13:00 horas con un t\u00edtulo muy jarocho:\u00a0<b><i>Detr\u00e1s de la verde arboleda. Un recuento de ensayos sobre la cultura jarocha durante los siglos XIX y XX: fandango, sones y d\u00e9cimas<\/i><\/b>, autor\u00eda de Ricardo P\u00e9rez Monfort. Tambi\u00e9n se presentar\u00e1, a las 17:00 horas, la m\u00e1s reciente edici\u00f3n del libro de Roc\u00edo Cer\u00f3n,\u00a0<b><i>Simult\u00e1neo Sucesivo<\/i><\/b>, publicado por Tres Nubes. Finalmente, una hora m\u00e1s tarde se hablar\u00e1 sobre el libro de humor gr\u00e1fico\u00a0<b><i>El hubiera no existe pero hubiera estado bien que s\u00ed<\/i><\/b>,\u00a0de Alfonso Ochoa, publicado por Alboroto Ediciones.<\/p>\n<p>La regi\u00f3n de Los Tuxtlas estar\u00e1 presente en la Feria con la novedad\u00a0<b><i>Relatos tuxtlecos. Fandangos y encantamientos<\/i><\/b>, de Andr\u00e9s Bernardo Moreno N\u00e1jera, publicado por la editorial Mar Adentro, cuya presentaci\u00f3n tendr\u00e1 lugar el jueves 15 de agosto a las 13:00 horas. En punto de las 17:00 horas, para desafiar estereotipos de lo que es y c\u00f3mo debe comportarse un padre, se presentar\u00e1 el libro\u00a0<b><i>En sus\u00a0<\/i><\/b><b>zapatos<\/b>, texto e ilustraciones de Valeria Gallo, publicado por Oc\u00e9ano Traves\u00eda. Una de las editoriales de m\u00e1s larga tradici\u00f3n en la Literatura Infantil y Juvenil, CIDCLI, compartir\u00e1 con el p\u00fablico el t\u00edtulo\u00a0<b><i>Los m\u00e1s geniales amigos imaginarios<\/i><\/b>\u00a0de Flor Aguilera, con ilustraciones de Karina Cocq, a las 18:00 horas. Finalmente, la jornada concluir\u00e1 a las 19:00 horas con la presentaci\u00f3n del libro\u00a0<b><i>Cr\u00f3nicas de la gran oscuridad<\/i><\/b>, de Carlos Manuel Cruz Meza, quien gan\u00f3 con este tomo el Premio Bellas Artes de Cr\u00f3nica Literaria Carlos Montemayor 2024.<\/p>\n<p>El viernes 16 de agosto habr\u00e1 cinco presentaciones editoriales para disfrutar. En punto de las 13:00 horas se hablar\u00e1 de\u00a0<b><i>Op\u00fasculos serigr\u00e1ficos. Una herramienta de autopublicaci\u00f3n para telesecundarias veracruzanas<\/i><\/b>, de Manuel Tapia, que propone una metodolog\u00eda para explorar la autopublicaci\u00f3n con autonom\u00eda y bajos costos. A las 16:00 horas ser\u00e1 presentado el libro\u00a0<b><i>Yankuik tlahtolli. Propuestas de neologismos para la lengua n\u00e1huatl de la Sierra de Zongolica<\/i><\/b>, de Alejandra Acahua, Santos Carvajal, Mayra Hern\u00e1ndez, Modesto Ortiz y Elizabeth Tocohua, publicado por la editorial de la SECVER con el apoyo especial del Programa de Apoyos a las Culturas Municipales y Comunitarias (PACMyC). Una hora m\u00e1s tarde se compartir\u00e1 la poes\u00eda y la ilustraci\u00f3n en blanco y negro con el magn\u00edfico t\u00edtulo\u00a0<b><i>Algunos p\u00e1jaros no vuelan<\/i><\/b>, del poeta Dal\u00ed Corona, con ilustraciones de Gerardo Vargas, publicado en la colecci\u00f3n Agua Clara de la Secretar\u00eda de Cultura de Veracruz. Desde la Ciudad de M\u00e9xico nos visitar\u00e1 el escritor, mediador de lectura y editor de Literatura Infantil y Juvenil Daniel Goldin, quien a las 18:00 horas presentar\u00e1\u00a0<b><i>Los d\u00edas y los libros. Divagaciones en torno a la hospitalidad de la lectura<\/i><\/b>, de la editorial Oc\u00e9ano Traves\u00eda. El programa cierra a las 19:00 horas con el libro\u00a0<b><i>De qu\u00e9 silencio vienes<\/i><\/b>, de Libia Brenda.<\/p>\n<p>El s\u00e1bado 17 de agosto, en punto de las 13:00 horas, se invita a la presentaci\u00f3n del libro\u00a0<b><i>Traves\u00edas de papel: un nuevo encanto<\/i><\/b>, de Diego Trejo. A las 16:00 horas se podr\u00e1 conocer el n\u00famero m\u00e1s reciente de la\u00a0<b><i>Revista del Instituto Veracruzano de la Juventud<\/i><\/b>; mientras que a las 17:00 horas se realizar\u00e1 la presentaci\u00f3n del proyecto editorial\u00a0<b><i>Huella y memoria. Libros en lenguas ind\u00edgenas creados por ni\u00f1as y ni\u00f1os<\/i><\/b>, de la Secretar\u00eda de las Culturas y Artes de Oaxaca. En punto de las 18:00 horas se presentar\u00e1 el espl\u00e9ndido libro\u00a0<b><i>Superhero\u00ednas 3.<\/i><\/b>\u00a0<b><i>Domadoras de unicornios<\/i><\/b>, de Amaranta Leyva, con Ilustraciones de Ilaria Ranauro.<\/p>\n<p>La programaci\u00f3n del domingo 18 de agosto comienza a las 13:00 horas con\u00a0<b><i>Fragmentos del azul Van Gogh<\/i><\/b>, de la terapeuta Cindy Vargas con ilustraciones de Eliof Gil. A las 17:00 horas se llevar\u00e1 a cabo una presentaci\u00f3n estelar:\u00a0<b><i>Ana en todas partes<\/i><\/b>, de Adolfo C\u00f3rdova, con ilustraciones de Pepa Ilustradora, obra editada por el Fondo de Cultura Econ\u00f3mica. El programa literario de la\u00a0<b>#4FNLIyJ<\/b>\u00a0cerrar\u00e1 sus actividades con una propuesta muy valiosa. Se trata de\u00a0<b><i>\u00bfD\u00f3nde est\u00e1 arte?<\/i><\/b>, de Ekaterina \u00c1lvarez, con ilustraciones de Mar\u00eda del Mar Hern\u00e1ndez y Emilio Ramos, publicado por Alfaguara.<\/p>\n<p>Consulta la programaci\u00f3n completa de esta cuarta emisi\u00f3n de la\u00a0<b>Feria Nacional del Libro Infantil y Juvenil<\/b>\u00a0del puerto de Veracruz en el sitio web\u00a0<a href=\"http:\/\/www.culturaveracruz.gob.mx\/\">www.culturaveracruz.gob.mx<\/a>, a trav\u00e9s de las redes sociales\u00a0<a href=\"https:\/\/www.facebook.com\/SECVERFerias\/?locale=es_LA\">@SECVERFerias<\/a>\u00a0y\u00a0<a href=\"https:\/\/www.facebook.com\/SECVERoficial\">@SECVERoficial<\/a>, as\u00ed como en la aplicaci\u00f3n\u00a0<b>FNLIyJ<\/b>, disponible para su descarga gratuita en Play Store y App Store.<\/p>\n","protected":false},"excerpt":{"rendered":"<p>Visitas: 6La\u00a0Secretar\u00eda de Cultura de Veracruz\u00a0presenta el programa literario de la\u00a04\u00aa Feria Nacional del Libro Infantil y Juvenil, Veracruz 2024, que este a\u00f1o cuenta con lanzamientos editoriales de novela, ensayo, cuento y poes\u00eda para todas las y los lectores. El p\u00fablico podr\u00e1 asistir a las presentaciones del mi\u00e9rcoles 14 al domingo 18 de agosto, de [&hellip;]<\/p>\n","protected":false},"author":2,"featured_media":215138,"comment_status":"open","ping_status":"open","sticky":false,"template":"","format":"standard","meta":{"footnotes":""},"categories":[237,236],"tags":[],"class_list":{"0":"post-215130","1":"post","2":"type-post","3":"status-publish","4":"format-standard","5":"has-post-thumbnail","7":"category-xalapa","8":"category-zona-centro"},"nelio_content":{"isAutoShareEnabled":true,"autoShareEndMode":"never","automationSources":{"useCustomSentences":false,"customSentences":[]},"followers":[7,2],"suggestedReferences":[],"efiUrl":"","efiAlt":"","highlights":[],"permalinkQueryArgs":[],"series":[]},"_links":{"self":[{"href":"https:\/\/www.enteratever.com\/2023\/wp-json\/wp\/v2\/posts\/215130","targetHints":{"allow":["GET"]}}],"collection":[{"href":"https:\/\/www.enteratever.com\/2023\/wp-json\/wp\/v2\/posts"}],"about":[{"href":"https:\/\/www.enteratever.com\/2023\/wp-json\/wp\/v2\/types\/post"}],"author":[{"embeddable":true,"href":"https:\/\/www.enteratever.com\/2023\/wp-json\/wp\/v2\/users\/2"}],"replies":[{"embeddable":true,"href":"https:\/\/www.enteratever.com\/2023\/wp-json\/wp\/v2\/comments?post=215130"}],"version-history":[{"count":1,"href":"https:\/\/www.enteratever.com\/2023\/wp-json\/wp\/v2\/posts\/215130\/revisions"}],"predecessor-version":[{"id":215139,"href":"https:\/\/www.enteratever.com\/2023\/wp-json\/wp\/v2\/posts\/215130\/revisions\/215139"}],"wp:featuredmedia":[{"embeddable":true,"href":"https:\/\/www.enteratever.com\/2023\/wp-json\/wp\/v2\/media\/215138"}],"wp:attachment":[{"href":"https:\/\/www.enteratever.com\/2023\/wp-json\/wp\/v2\/media?parent=215130"}],"wp:term":[{"taxonomy":"category","embeddable":true,"href":"https:\/\/www.enteratever.com\/2023\/wp-json\/wp\/v2\/categories?post=215130"},{"taxonomy":"post_tag","embeddable":true,"href":"https:\/\/www.enteratever.com\/2023\/wp-json\/wp\/v2\/tags?post=215130"}],"curies":[{"name":"wp","href":"https:\/\/api.w.org\/{rel}","templated":true}]}}