{"id":215128,"date":"2024-08-07T17:00:06","date_gmt":"2024-08-07T23:00:06","guid":{"rendered":"https:\/\/www.enteratever.com\/2023\/?p=215128"},"modified":"2024-08-07T17:00:06","modified_gmt":"2024-08-07T23:00:06","slug":"presenta-secver-el-mercado-de-empresas-culturales-y-creativas-veracruzanas-2024-ahora-en-el-museo-de-arte-del-estado-de-veracruz","status":"publish","type":"post","link":"https:\/\/www.enteratever.com\/2023\/2024\/08\/07\/presenta-secver-el-mercado-de-empresas-culturales-y-creativas-veracruzanas-2024-ahora-en-el-museo-de-arte-del-estado-de-veracruz\/","title":{"rendered":"Presenta SECVER el Mercado de Empresas Culturales y Creativas Veracruzanas 2024, ahora en el Museo de Arte del Estado de Veracruz"},"content":{"rendered":"<p>Visitas: 3<\/p><p>La\u00a0<b>Secretar\u00eda de Cultura de Veracruz<\/b>\u00a0presenta la emisi\u00f3n 2024 del\u00a0<b>Mercado de Empresas Culturales y Creativas Veracruzanas\u00a0<\/b>(<b>MECCVER<\/b>), iniciativa que tiene como objetivo vincular, promover y fortalecer a las empresas de base creativa del estado que basan su modelo de negocio en las artes, la innovaci\u00f3n, la cultura y el patrimonio. La quinta emisi\u00f3n tendr\u00e1 lugar en modalidad totalmente presencial del lunes 19 al s\u00e1bado 24 de agosto en el<b>\u00a0Museo de Arte del Estado de Veracruz<\/b>.<\/p>\n<p>El MECCVER es parte fundamental del\u00a0<b>Programa de Empresas Culturales y Creativas Veracruzanas de la SECVER<\/b>, que desarrolla acciones dirigidas a la formaci\u00f3n y profesionalizaci\u00f3n de las y los emprendedores culturales, promoviendo el fortalecimiento del ecosistema emprendedor de Veracruz. De acuerdo con el\u00a0<b>Diagn\u00f3stico sectorial de las empresas culturales y creativas<\/b>\u00a0realizado por la Secretar\u00eda, existe una gran concentraci\u00f3n de estas empresas en las ciudades de Orizaba, Veracruz y Xalapa, hecho que destaca la importancia de estas ciudades como n\u00facleos fundamentales para el desarrollo cultural y creativo del estado. En ese sentido, la actividad se realiza en este hermoso Pueblo M\u00e1gico cuya pol\u00edtica p\u00fablica constituye tambi\u00e9n un caso exitoso de emprendimiento transformado su eje de desarrollo econ\u00f3mico de la industria de las Chimeneas a una Industria Tur\u00edstica enfocada en el Turismo Cultural.<\/p>\n<p>La tem\u00e1tica central de esta quinta emisi\u00f3n del Mercado se centra en el\u00a0<b>Objetivo 8\u00a0<\/b>de los Objetivos de Desarrollo Sostenible (ODS) que conforman la Agenda 2030, impulsada por el Programa de las Naciones Unidas para el Desarrollo (PNUD): \u00abTrabajo decente y crecimiento econ\u00f3mico\u00bb. Este enfoque es particularmente relevante para el sector cultural y creativo, ya que promueve pr\u00e1cticas sostenibles, la generaci\u00f3n de empleos dignos y el crecimiento econ\u00f3mico inclusivo.<\/p>\n<p>Este 2024, el\u00a0<b>Mercado de Empresas Culturales y Creativas Veracruzanas\u00a0<\/b>se llevar\u00e1 a cabo del 19 al 24 de agosto en el\u00a0<b>Museo de Arte del Estado de Veracruz<\/b>, en la ciudad de Orizaba. El programa incluir\u00e1 13 talleres, 4 conferencias, 1 expoventa, 1 expoventa infantil, 3 presentaciones esc\u00e9nicas y una sesi\u00f3n de networking, todas ellas actividades enfocadas en fortalecer las capacidades de las y los emprendedores participantes.<\/p>\n<p>Desde 2020 se han realizado cuatro ediciones del Mercado, que con una afluencia de m\u00e1s de 1450 personas se ha consolidado como un espacio esencial para impulsar las industrias culturales y creativas en Veracruz. Con una programaci\u00f3n diversa y completa, el\u00a0<b>#MECCVER2024<\/b>\u00a0busca ser un punto de encuentro, aprendizaje e inspiraci\u00f3n para todas aquellas personas involucradas en dichas empresas, brindando una oportunidad \u00fanica para fortalecer proyectos locales, establecer conexiones valiosas, intercambiar ideas y contribuir al desarrollo sostenible de la cultura en Veracruz.<\/p>\n<p>La\u00a0<b>Secretar\u00eda de Cultura de Veracruz<\/b>\u00a0invita a disfrutar de todas las actividades del\u00a0<b>Mercado de Empresas Culturales y Creativas Veracruzanas 2024<\/b>. A partir de hoy, las inscripciones a los talleres est\u00e1n abiertas y las personas interesadas pueden realizar su registro a trav\u00e9s del enlace:\u00a0<a href=\"https:\/\/bit.ly\/TalleresMECCVER24\">https:\/\/bit.ly\/TalleresMECCVER24<\/a>.\u00a0Para consultar m\u00e1s informaci\u00f3n, visita el sitio web de la Secretar\u00eda en\u00a0<a href=\"http:\/\/www.culturaveracruz.gov.mx\/\">www.culturaveracruz.gob.mx<\/a>\u00a0y las redes sociales\u00a0<a href=\"https:\/\/facebook.com\/EmpresasCulturalesSECVER\/\">@EmpresasCulturalesSECVER<\/a>\u00a0y\u00a0<a href=\"https:\/\/www.facebook.com\/SECVERoficial\">@SECVERoficial<\/a>.<\/p>\n","protected":false},"excerpt":{"rendered":"<p>Visitas: 3La\u00a0Secretar\u00eda de Cultura de Veracruz\u00a0presenta la emisi\u00f3n 2024 del\u00a0Mercado de Empresas Culturales y Creativas Veracruzanas\u00a0(MECCVER), iniciativa que tiene como objetivo vincular, promover y fortalecer a las empresas de base creativa del estado que basan su modelo de negocio en las artes, la innovaci\u00f3n, la cultura y el patrimonio. La quinta emisi\u00f3n tendr\u00e1 lugar en [&hellip;]<\/p>\n","protected":false},"author":2,"featured_media":215132,"comment_status":"open","ping_status":"open","sticky":false,"template":"","format":"standard","meta":{"footnotes":""},"categories":[237,236],"tags":[],"class_list":{"0":"post-215128","1":"post","2":"type-post","3":"status-publish","4":"format-standard","5":"has-post-thumbnail","7":"category-xalapa","8":"category-zona-centro"},"nelio_content":{"isAutoShareEnabled":true,"autoShareEndMode":"never","automationSources":{"useCustomSentences":false,"customSentences":[]},"followers":[7,2],"suggestedReferences":[],"efiUrl":"","efiAlt":"","highlights":[],"permalinkQueryArgs":[],"series":[]},"_links":{"self":[{"href":"https:\/\/www.enteratever.com\/2023\/wp-json\/wp\/v2\/posts\/215128","targetHints":{"allow":["GET"]}}],"collection":[{"href":"https:\/\/www.enteratever.com\/2023\/wp-json\/wp\/v2\/posts"}],"about":[{"href":"https:\/\/www.enteratever.com\/2023\/wp-json\/wp\/v2\/types\/post"}],"author":[{"embeddable":true,"href":"https:\/\/www.enteratever.com\/2023\/wp-json\/wp\/v2\/users\/2"}],"replies":[{"embeddable":true,"href":"https:\/\/www.enteratever.com\/2023\/wp-json\/wp\/v2\/comments?post=215128"}],"version-history":[{"count":1,"href":"https:\/\/www.enteratever.com\/2023\/wp-json\/wp\/v2\/posts\/215128\/revisions"}],"predecessor-version":[{"id":215133,"href":"https:\/\/www.enteratever.com\/2023\/wp-json\/wp\/v2\/posts\/215128\/revisions\/215133"}],"wp:featuredmedia":[{"embeddable":true,"href":"https:\/\/www.enteratever.com\/2023\/wp-json\/wp\/v2\/media\/215132"}],"wp:attachment":[{"href":"https:\/\/www.enteratever.com\/2023\/wp-json\/wp\/v2\/media?parent=215128"}],"wp:term":[{"taxonomy":"category","embeddable":true,"href":"https:\/\/www.enteratever.com\/2023\/wp-json\/wp\/v2\/categories?post=215128"},{"taxonomy":"post_tag","embeddable":true,"href":"https:\/\/www.enteratever.com\/2023\/wp-json\/wp\/v2\/tags?post=215128"}],"curies":[{"name":"wp","href":"https:\/\/api.w.org\/{rel}","templated":true}]}}