{"id":215022,"date":"2024-08-06T10:05:58","date_gmt":"2024-08-06T16:05:58","guid":{"rendered":"https:\/\/www.enteratever.com\/2023\/?p=215022"},"modified":"2024-08-06T10:05:58","modified_gmt":"2024-08-06T16:05:58","slug":"no-habra-tercera-alerta-de-genero-en-veracruz-cuitlahuac","status":"publish","type":"post","link":"https:\/\/www.enteratever.com\/2023\/2024\/08\/06\/no-habra-tercera-alerta-de-genero-en-veracruz-cuitlahuac\/","title":{"rendered":"No habr\u00e1 tercera Alerta de G\u00e9nero en Veracruz: Cuitl\u00e1huac"},"content":{"rendered":"<p>Visitas: 2<\/p><p>El gobernador Cuitl\u00e1huac Garc\u00eda Jim\u00e9nez dijo este lunes que en Veracruz no ser\u00e1 declarada una tercera Alerta de G\u00e9nero por desaparici\u00f3n de mujeres.<\/p>\n<p>En conferencia de prensa,  Garc\u00eda Jim\u00e9nez afirm\u00f3 que las instancias competentes atienden los requerimientos de la Comisi\u00f3n Nacional para Prevenir y Erradicar la Violencia contra las Mujeres (CONAVIM).<\/p>\n<p>\u201cYo creo que no se va a declarar y vamos a cumplir con todo lo que nos solicitan\u201d, afirm\u00f3.<\/p>\n<p>Cabe mencionar que la alerta fue solicitada desde 2019.<\/p>\n<p>En Veracruz existen dos alertas, una por Violencia Feminicida y por Agravio Comparado.<\/p>\n<p>XEU<\/p>\n","protected":false},"excerpt":{"rendered":"<p>Visitas: 2El gobernador Cuitl\u00e1huac Garc\u00eda Jim\u00e9nez dijo este lunes que en Veracruz no ser\u00e1 declarada una tercera Alerta de G\u00e9nero por desaparici\u00f3n de mujeres. En conferencia de prensa, Garc\u00eda Jim\u00e9nez afirm\u00f3 que las instancias competentes atienden los requerimientos de la Comisi\u00f3n Nacional para Prevenir y Erradicar la Violencia contra las Mujeres (CONAVIM). \u201cYo creo que [&hellip;]<\/p>\n","protected":false},"author":2,"featured_media":199742,"comment_status":"open","ping_status":"open","sticky":false,"template":"","format":"standard","meta":{"footnotes":""},"categories":[237,236],"tags":[],"class_list":{"0":"post-215022","1":"post","2":"type-post","3":"status-publish","4":"format-standard","5":"has-post-thumbnail","7":"category-xalapa","8":"category-zona-centro"},"nelio_content":{"isAutoShareEnabled":true,"autoShareEndMode":"never","automationSources":{"useCustomSentences":false,"customSentences":[]},"followers":[7,2],"suggestedReferences":[],"efiUrl":"","efiAlt":"","highlights":[],"permalinkQueryArgs":[],"series":[]},"_links":{"self":[{"href":"https:\/\/www.enteratever.com\/2023\/wp-json\/wp\/v2\/posts\/215022","targetHints":{"allow":["GET"]}}],"collection":[{"href":"https:\/\/www.enteratever.com\/2023\/wp-json\/wp\/v2\/posts"}],"about":[{"href":"https:\/\/www.enteratever.com\/2023\/wp-json\/wp\/v2\/types\/post"}],"author":[{"embeddable":true,"href":"https:\/\/www.enteratever.com\/2023\/wp-json\/wp\/v2\/users\/2"}],"replies":[{"embeddable":true,"href":"https:\/\/www.enteratever.com\/2023\/wp-json\/wp\/v2\/comments?post=215022"}],"version-history":[{"count":1,"href":"https:\/\/www.enteratever.com\/2023\/wp-json\/wp\/v2\/posts\/215022\/revisions"}],"predecessor-version":[{"id":215027,"href":"https:\/\/www.enteratever.com\/2023\/wp-json\/wp\/v2\/posts\/215022\/revisions\/215027"}],"wp:featuredmedia":[{"embeddable":true,"href":"https:\/\/www.enteratever.com\/2023\/wp-json\/wp\/v2\/media\/199742"}],"wp:attachment":[{"href":"https:\/\/www.enteratever.com\/2023\/wp-json\/wp\/v2\/media?parent=215022"}],"wp:term":[{"taxonomy":"category","embeddable":true,"href":"https:\/\/www.enteratever.com\/2023\/wp-json\/wp\/v2\/categories?post=215022"},{"taxonomy":"post_tag","embeddable":true,"href":"https:\/\/www.enteratever.com\/2023\/wp-json\/wp\/v2\/tags?post=215022"}],"curies":[{"name":"wp","href":"https:\/\/api.w.org\/{rel}","templated":true}]}}