{"id":215021,"date":"2024-08-06T10:06:00","date_gmt":"2024-08-06T16:06:00","guid":{"rendered":"https:\/\/www.enteratever.com\/2023\/?p=215021"},"modified":"2024-08-06T10:06:00","modified_gmt":"2024-08-06T16:06:00","slug":"se-investiga-si-aeronave-en-caso-de-el-mayo-pertenece-a-empresa-en-veracruz-cuitlahuac","status":"publish","type":"post","link":"https:\/\/www.enteratever.com\/2023\/2024\/08\/06\/se-investiga-si-aeronave-en-caso-de-el-mayo-pertenece-a-empresa-en-veracruz-cuitlahuac\/","title":{"rendered":"Se investiga si aeronave en caso de \u00abEl Mayo\u00bb pertenece a empresa en Veracruz: Cuitl\u00e1huac"},"content":{"rendered":"<p>Visitas: 0<\/p><p>El gobernador de Veracruz Cuitl\u00e1huac Garc\u00eda inform\u00f3 que las autoridades investigan el caso de \u00abEl Mayo\u00bb y la avioneta que lo sac\u00f3 de M\u00e9xico cuando fue detenido y la cual presuntamente le pertenece a una empresa en Veracruz,<\/p>\n<p>\u00abEs falso como se plantea, no es as\u00ed como la columnista lo plante\u00f3, tuvo algunos vuelos o aterrizajes en la \u00e9poca de Duarte, es lo que se intuye de lo que ah\u00ed dice, de que una de esas avionetas, la que muestra las siglas, las placas, deber\u00eda tener registro aqu\u00ed, vamos a revisar si hay registro, porque recuerde que eso se lo robaban\u00bb, dijo en conferencia de prensa.<\/p>\n<p>Lo anterior se dio luego de que la columnista Peniley Ram\u00edrez para el diario Reforma afirmara que la avioneta le pertenece a una empresa de Coatzacoalcos fue la que llev\u00f3 a Estados Unidos a \u00abEl Mayo\u00bb.<\/p>\n<p>La avioneta presuntamente es de una empresa financiera de Coatzacoalcos que opera desde el aeropuerto de El Lencero, en Emiliano Zapata.<\/p>\n<p>XEU<\/p>\n","protected":false},"excerpt":{"rendered":"<p>Visitas: 0El gobernador de Veracruz Cuitl\u00e1huac Garc\u00eda inform\u00f3 que las autoridades investigan el caso de \u00abEl Mayo\u00bb y la avioneta que lo sac\u00f3 de M\u00e9xico cuando fue detenido y la cual presuntamente le pertenece a una empresa en Veracruz, \u00abEs falso como se plantea, no es as\u00ed como la columnista lo plante\u00f3, tuvo algunos vuelos [&hellip;]<\/p>\n","protected":false},"author":2,"featured_media":184680,"comment_status":"open","ping_status":"open","sticky":false,"template":"","format":"standard","meta":{"footnotes":""},"categories":[237,236],"tags":[],"class_list":{"0":"post-215021","1":"post","2":"type-post","3":"status-publish","4":"format-standard","5":"has-post-thumbnail","7":"category-xalapa","8":"category-zona-centro"},"nelio_content":{"isAutoShareEnabled":true,"autoShareEndMode":"never","automationSources":{"useCustomSentences":false,"customSentences":[]},"followers":[7,2],"suggestedReferences":[],"efiUrl":"","efiAlt":"","highlights":[],"permalinkQueryArgs":[],"series":[]},"_links":{"self":[{"href":"https:\/\/www.enteratever.com\/2023\/wp-json\/wp\/v2\/posts\/215021","targetHints":{"allow":["GET"]}}],"collection":[{"href":"https:\/\/www.enteratever.com\/2023\/wp-json\/wp\/v2\/posts"}],"about":[{"href":"https:\/\/www.enteratever.com\/2023\/wp-json\/wp\/v2\/types\/post"}],"author":[{"embeddable":true,"href":"https:\/\/www.enteratever.com\/2023\/wp-json\/wp\/v2\/users\/2"}],"replies":[{"embeddable":true,"href":"https:\/\/www.enteratever.com\/2023\/wp-json\/wp\/v2\/comments?post=215021"}],"version-history":[{"count":1,"href":"https:\/\/www.enteratever.com\/2023\/wp-json\/wp\/v2\/posts\/215021\/revisions"}],"predecessor-version":[{"id":215028,"href":"https:\/\/www.enteratever.com\/2023\/wp-json\/wp\/v2\/posts\/215021\/revisions\/215028"}],"wp:featuredmedia":[{"embeddable":true,"href":"https:\/\/www.enteratever.com\/2023\/wp-json\/wp\/v2\/media\/184680"}],"wp:attachment":[{"href":"https:\/\/www.enteratever.com\/2023\/wp-json\/wp\/v2\/media?parent=215021"}],"wp:term":[{"taxonomy":"category","embeddable":true,"href":"https:\/\/www.enteratever.com\/2023\/wp-json\/wp\/v2\/categories?post=215021"},{"taxonomy":"post_tag","embeddable":true,"href":"https:\/\/www.enteratever.com\/2023\/wp-json\/wp\/v2\/tags?post=215021"}],"curies":[{"name":"wp","href":"https:\/\/api.w.org\/{rel}","templated":true}]}}