{"id":214945,"date":"2024-08-05T10:45:28","date_gmt":"2024-08-05T16:45:28","guid":{"rendered":"https:\/\/www.enteratever.com\/2023\/?p=214945"},"modified":"2024-08-05T10:45:28","modified_gmt":"2024-08-05T16:45:28","slug":"invita-jex-a-talleres-y-recorridos-inclusivos-durante-el-mes-de-agosto","status":"publish","type":"post","link":"https:\/\/www.enteratever.com\/2023\/2024\/08\/05\/invita-jex-a-talleres-y-recorridos-inclusivos-durante-el-mes-de-agosto\/","title":{"rendered":"Invita JEX a talleres y recorridos inclusivos durante el mes de agosto"},"content":{"rendered":"<p>Visitas: 13<\/p><p>La Secretar\u00eda de Cultura de Veracruz, a trav\u00e9s del Jard\u00edn de las Esculturas, invita a disfrutar de los recorridos inclusivos del JEX, as\u00ed como a participar en los talleres que impartir\u00e1 el Programa de Inclusi\u00f3n a trav\u00e9s de las Artes (PIAA) en el recinto m\u00e1s verde de la SECVER durante el mes de agosto.<\/p>\n<p>De lunes a viernes, la maestra Pilar Luengas dirigir\u00e1 dos talleres: el taller Mola paname\u00f1a, de 10:00 a 12:00 horas, dise\u00f1ado para explorar el arte del bordado en textil; y el taller Pintura inclusiva, de 16:00 a 18:00 horas, que ofrece una experiencia de pintura experimental abierta a todo p\u00fablico. Ambas actividades est\u00e1n abiertas a todos los p\u00fablicos e incluyen los materiales.<\/p>\n<p>Los s\u00e1bados 3, 17 y 31 de agosto a las 18:00 horas Rodrigo \u00c1lvarez guiar\u00e1 los Recorridos nocturnos del Jard\u00edn de las Esculturas. Estos paseos permitir\u00e1n a las y los asistentes descubrir la colecci\u00f3n permanente de esculturas de madera, piedra, metal y cer\u00e1mica que se resguardan en las \u00e1reas verdes del JEX, adem\u00e1s de conocer las exposiciones de esta temporada: la colecci\u00f3n Los animales no pagan impuestos, poes\u00eda visual, dibujo y grabado de Paty Blanco; y Tramas: destejiendo mitos, instalaciones cer\u00e1micas de Constanza L\u00f3pez.<\/p>\n<p>Finalmente, el jueves 29 de agosto a las 11:00 horas la gestora Brenda Ramos, colaboradora de la SECVER, llevar\u00e1 a cabo un nuevo recorrido del programa Un Jard\u00edn incluyente, visita guiada dise\u00f1ada para ser accesible e inclusiva para todas y todos. Las y los asistentes explorar\u00e1n el acervo y las exposiciones del JEX, culminando el recorrido con una actividad art\u00edstica.<\/p>\n<p>La SECVER reitera la invitaci\u00f3n a las visitas guiadas y los talleres inclusivos que se han programado en el Jard\u00edn de las Esculturas este verano. Conoce la cartelera del JEX a trav\u00e9s de sus redes sociales Facebook e Instagram @JardinDeLasEsculturas, adem\u00e1s del sitio web https:\/\/jex.veracruzcultura.com. Consulta la oferta de actividades del PIAA y descubre la programaci\u00f3n completa de la Secretar\u00eda de Cultura de Veracruz a trav\u00e9s del Facebook @InclusionSECVER y en www.culturaveracruz.gob.mx.<\/p>\n","protected":false},"excerpt":{"rendered":"<p>Visitas: 13La Secretar\u00eda de Cultura de Veracruz, a trav\u00e9s del Jard\u00edn de las Esculturas, invita a disfrutar de los recorridos inclusivos del JEX, as\u00ed como a participar en los talleres que impartir\u00e1 el Programa de Inclusi\u00f3n a trav\u00e9s de las Artes (PIAA) en el recinto m\u00e1s verde de la SECVER durante el mes de agosto. [&hellip;]<\/p>\n","protected":false},"author":2,"featured_media":214952,"comment_status":"open","ping_status":"open","sticky":false,"template":"","format":"standard","meta":{"footnotes":""},"categories":[237,236],"tags":[],"class_list":{"0":"post-214945","1":"post","2":"type-post","3":"status-publish","4":"format-standard","5":"has-post-thumbnail","7":"category-xalapa","8":"category-zona-centro"},"nelio_content":{"isAutoShareEnabled":true,"autoShareEndMode":"never","automationSources":{"useCustomSentences":false,"customSentences":[]},"followers":[7,2],"suggestedReferences":[],"efiUrl":"","efiAlt":"","highlights":[],"permalinkQueryArgs":[],"series":[]},"_links":{"self":[{"href":"https:\/\/www.enteratever.com\/2023\/wp-json\/wp\/v2\/posts\/214945","targetHints":{"allow":["GET"]}}],"collection":[{"href":"https:\/\/www.enteratever.com\/2023\/wp-json\/wp\/v2\/posts"}],"about":[{"href":"https:\/\/www.enteratever.com\/2023\/wp-json\/wp\/v2\/types\/post"}],"author":[{"embeddable":true,"href":"https:\/\/www.enteratever.com\/2023\/wp-json\/wp\/v2\/users\/2"}],"replies":[{"embeddable":true,"href":"https:\/\/www.enteratever.com\/2023\/wp-json\/wp\/v2\/comments?post=214945"}],"version-history":[{"count":1,"href":"https:\/\/www.enteratever.com\/2023\/wp-json\/wp\/v2\/posts\/214945\/revisions"}],"predecessor-version":[{"id":214953,"href":"https:\/\/www.enteratever.com\/2023\/wp-json\/wp\/v2\/posts\/214945\/revisions\/214953"}],"wp:featuredmedia":[{"embeddable":true,"href":"https:\/\/www.enteratever.com\/2023\/wp-json\/wp\/v2\/media\/214952"}],"wp:attachment":[{"href":"https:\/\/www.enteratever.com\/2023\/wp-json\/wp\/v2\/media?parent=214945"}],"wp:term":[{"taxonomy":"category","embeddable":true,"href":"https:\/\/www.enteratever.com\/2023\/wp-json\/wp\/v2\/categories?post=214945"},{"taxonomy":"post_tag","embeddable":true,"href":"https:\/\/www.enteratever.com\/2023\/wp-json\/wp\/v2\/tags?post=214945"}],"curies":[{"name":"wp","href":"https:\/\/api.w.org\/{rel}","templated":true}]}}