{"id":214800,"date":"2024-08-01T16:27:12","date_gmt":"2024-08-01T22:27:12","guid":{"rendered":"https:\/\/www.enteratever.com\/2023\/?p=214800"},"modified":"2024-08-01T16:27:12","modified_gmt":"2024-08-01T22:27:12","slug":"activistas-convocan-a-manifestacion-pacifica-en-contra-del-maltrato-animal","status":"publish","type":"post","link":"https:\/\/www.enteratever.com\/2023\/2024\/08\/01\/activistas-convocan-a-manifestacion-pacifica-en-contra-del-maltrato-animal\/","title":{"rendered":"Activistas convocan a manifestaci\u00f3n pac\u00edfica en contra del maltrato animal"},"content":{"rendered":"<p>Visitas: 3<\/p><p>Quienes integran grupos en favor de los derechos animales en Papantla, est\u00e1n convocando a una manifestaci\u00f3n pac\u00edfica contra el maltrato animal. La cita este viernes dos de agosto frente al mercado Benito Ju\u00e1rez en el centro de la ciudad.<\/p>\n<p>El objetivo es hacer un llamado a la sociedad respecto al tema del bienestar animal, ya que los casos de maltrato se contin\u00faan presentando en el municipio. <\/p>\n<p>En este sentido Papantla est\u00e1 muy atrasado, pues no se ha implementado  un reglamento para sancionar el maltrato animal ni contar con una dependencia que trabaje al respecto.<\/p>\n<p>La convocatoria es abierta al p\u00fablico en general, especialmente a grupos de rescatistas y protectores de animales.<\/p>\n","protected":false},"excerpt":{"rendered":"<p>Visitas: 3Quienes integran grupos en favor de los derechos animales en Papantla, est\u00e1n convocando a una manifestaci\u00f3n pac\u00edfica contra el maltrato animal. La cita este viernes dos de agosto frente al mercado Benito Ju\u00e1rez en el centro de la ciudad. El objetivo es hacer un llamado a la sociedad respecto al tema del bienestar animal, [&hellip;]<\/p>\n","protected":false},"author":3,"featured_media":214810,"comment_status":"open","ping_status":"open","sticky":false,"template":"","format":"standard","meta":{"footnotes":""},"categories":[299,215,219],"tags":[21,41],"class_list":{"0":"post-214800","1":"post","2":"type-post","3":"status-publish","4":"format-standard","5":"has-post-thumbnail","7":"category-notas-locales","8":"category-papantla","9":"category-zona-norte","10":"tag-papantla","11":"tag-portada"},"nelio_content":{"isAutoShareEnabled":true,"autoShareEndMode":"never","automationSources":{"useCustomSentences":false,"customSentences":[]},"followers":[7,3],"suggestedReferences":[],"efiUrl":"","efiAlt":"","highlights":[],"permalinkQueryArgs":[],"series":[]},"_links":{"self":[{"href":"https:\/\/www.enteratever.com\/2023\/wp-json\/wp\/v2\/posts\/214800","targetHints":{"allow":["GET"]}}],"collection":[{"href":"https:\/\/www.enteratever.com\/2023\/wp-json\/wp\/v2\/posts"}],"about":[{"href":"https:\/\/www.enteratever.com\/2023\/wp-json\/wp\/v2\/types\/post"}],"author":[{"embeddable":true,"href":"https:\/\/www.enteratever.com\/2023\/wp-json\/wp\/v2\/users\/3"}],"replies":[{"embeddable":true,"href":"https:\/\/www.enteratever.com\/2023\/wp-json\/wp\/v2\/comments?post=214800"}],"version-history":[{"count":1,"href":"https:\/\/www.enteratever.com\/2023\/wp-json\/wp\/v2\/posts\/214800\/revisions"}],"predecessor-version":[{"id":214811,"href":"https:\/\/www.enteratever.com\/2023\/wp-json\/wp\/v2\/posts\/214800\/revisions\/214811"}],"wp:featuredmedia":[{"embeddable":true,"href":"https:\/\/www.enteratever.com\/2023\/wp-json\/wp\/v2\/media\/214810"}],"wp:attachment":[{"href":"https:\/\/www.enteratever.com\/2023\/wp-json\/wp\/v2\/media?parent=214800"}],"wp:term":[{"taxonomy":"category","embeddable":true,"href":"https:\/\/www.enteratever.com\/2023\/wp-json\/wp\/v2\/categories?post=214800"},{"taxonomy":"post_tag","embeddable":true,"href":"https:\/\/www.enteratever.com\/2023\/wp-json\/wp\/v2\/tags?post=214800"}],"curies":[{"name":"wp","href":"https:\/\/api.w.org\/{rel}","templated":true}]}}