{"id":214192,"date":"2024-07-23T13:43:26","date_gmt":"2024-07-23T19:43:26","guid":{"rendered":"https:\/\/www.enteratever.com\/2023\/?p=214192"},"modified":"2024-07-23T13:43:49","modified_gmt":"2024-07-23T19:43:49","slug":"comienzan-vacaciones-de-verano-en-la-biblioteca-municipal-2024","status":"publish","type":"post","link":"https:\/\/www.enteratever.com\/2023\/2024\/07\/23\/comienzan-vacaciones-de-verano-en-la-biblioteca-municipal-2024\/","title":{"rendered":"Comienzan vacaciones de verano en la Biblioteca Municipal 2024"},"content":{"rendered":"<p>Visitas: 1<\/p><p>El impulso al reforzamiento en la ense\u00f1anza escolar hacia peque\u00f1os del nivel b\u00e1sico, una de las acciones ejercidas por el gobierno municipal que preside el alcalde, ingeniero Jes\u00fas Guzm\u00e1n Avil\u00e9s, con el respaldo del personal de la Biblioteca Municipal, inici\u00f3 este lunes 22 de julio, las vacaciones de Verano 2024, con los cursos de Espa\u00f1ol y Matem\u00e1ticas, en apoyo a las ni\u00f1as y ni\u00f1os que cursan del tercero y sexto grado de primaria. <\/p>\n<p>En representaci\u00f3n de la primera autoridad, acudi\u00f3 el regidor Agust\u00edn del \u00c1ngel del \u00c1ngel, quien felicit\u00f3 a los peque\u00f1os por el inter\u00e9s de buscar reforzar sus conocimientos por medio de estos cursos impartidos por personal capacitado, lo que ser\u00e1 de gran apoyo para la ni\u00f1ez, adem\u00e1s, de ser totalmente gratu\u00edtos.<\/p>\n","protected":false},"excerpt":{"rendered":"<p>Visitas: 1El impulso al reforzamiento en la ense\u00f1anza escolar hacia peque\u00f1os del nivel b\u00e1sico, una de las acciones ejercidas por el gobierno municipal que preside el alcalde, ingeniero Jes\u00fas Guzm\u00e1n Avil\u00e9s, con el respaldo del personal de la Biblioteca Municipal, inici\u00f3 este lunes 22 de julio, las vacaciones de Verano 2024, con los cursos de [&hellip;]<\/p>\n","protected":false},"author":2,"featured_media":214194,"comment_status":"open","ping_status":"open","sticky":false,"template":"","format":"standard","meta":{"footnotes":""},"categories":[219],"tags":[311],"class_list":{"0":"post-214192","1":"post","2":"type-post","3":"status-publish","4":"format-standard","5":"has-post-thumbnail","7":"category-zona-norte","8":"tag-tantoyuca"},"nelio_content":{"isAutoShareEnabled":true,"autoShareEndMode":"never","automationSources":{"useCustomSentences":false,"customSentences":[]},"followers":[7,2],"suggestedReferences":[],"efiUrl":"","efiAlt":"","highlights":[],"permalinkQueryArgs":[],"series":[]},"_links":{"self":[{"href":"https:\/\/www.enteratever.com\/2023\/wp-json\/wp\/v2\/posts\/214192","targetHints":{"allow":["GET"]}}],"collection":[{"href":"https:\/\/www.enteratever.com\/2023\/wp-json\/wp\/v2\/posts"}],"about":[{"href":"https:\/\/www.enteratever.com\/2023\/wp-json\/wp\/v2\/types\/post"}],"author":[{"embeddable":true,"href":"https:\/\/www.enteratever.com\/2023\/wp-json\/wp\/v2\/users\/2"}],"replies":[{"embeddable":true,"href":"https:\/\/www.enteratever.com\/2023\/wp-json\/wp\/v2\/comments?post=214192"}],"version-history":[{"count":1,"href":"https:\/\/www.enteratever.com\/2023\/wp-json\/wp\/v2\/posts\/214192\/revisions"}],"predecessor-version":[{"id":214195,"href":"https:\/\/www.enteratever.com\/2023\/wp-json\/wp\/v2\/posts\/214192\/revisions\/214195"}],"wp:featuredmedia":[{"embeddable":true,"href":"https:\/\/www.enteratever.com\/2023\/wp-json\/wp\/v2\/media\/214194"}],"wp:attachment":[{"href":"https:\/\/www.enteratever.com\/2023\/wp-json\/wp\/v2\/media?parent=214192"}],"wp:term":[{"taxonomy":"category","embeddable":true,"href":"https:\/\/www.enteratever.com\/2023\/wp-json\/wp\/v2\/categories?post=214192"},{"taxonomy":"post_tag","embeddable":true,"href":"https:\/\/www.enteratever.com\/2023\/wp-json\/wp\/v2\/tags?post=214192"}],"curies":[{"name":"wp","href":"https:\/\/api.w.org\/{rel}","templated":true}]}}