{"id":213758,"date":"2024-07-17T09:06:19","date_gmt":"2024-07-17T15:06:19","guid":{"rendered":"https:\/\/www.enteratever.com\/2023\/?p=213758"},"modified":"2024-07-17T09:06:19","modified_gmt":"2024-07-17T15:06:19","slug":"con-gran-fraternidad-acude-como-padrino-de-generacion-alcalde-jga","status":"publish","type":"post","link":"https:\/\/www.enteratever.com\/2023\/2024\/07\/17\/con-gran-fraternidad-acude-como-padrino-de-generacion-alcalde-jga\/","title":{"rendered":"Con gran fraternidad acude como padrino de generaci\u00f3n alcalde JGA"},"content":{"rendered":"<p>Visitas: 0<\/p><div class=\"xdj266r x11i5rnm xat24cr x1mh8g0r x1vvkbs x126k92a\">\n<div dir=\"auto\">La solidaridad con el sector educativo, est\u00e1 presente en el gobierno municipal que encabeza el alcalde, ingeniero Jes\u00fas Guzm\u00e1n Avil\u00e9s, al ser un alcalde aliado de la Educaci\u00f3n.<\/div>\n<div dir=\"auto\"><\/div>\n<div dir=\"auto\">Este martes el jefe edilicio fue distinguido como padrino de generaci\u00f3n del Jard\u00edn de Ni\u00f1os Benito Ju\u00e1rez Garc\u00eda y de la escuela primaria L\u00e1zaro C\u00e1rdenas del R\u00edo, ubicados en la colonia Fraternidad.<\/div>\n<div dir=\"auto\"><\/div>\n<div dir=\"auto\">La primera autoridad, felicit\u00f3 a los peque\u00f1os por este paso que dieron al culminar sus primeros pelda\u00f1o en su ense\u00f1anza acad\u00e9mica que reciben, dentro del nivel preescolar y primaria.<\/div>\n<\/div>\n","protected":false},"excerpt":{"rendered":"<p>Visitas: 0 La solidaridad con el sector educativo, est\u00e1 presente en el gobierno municipal que encabeza el alcalde, ingeniero Jes\u00fas Guzm\u00e1n Avil\u00e9s, al ser un alcalde aliado de la Educaci\u00f3n. Este martes el jefe edilicio fue distinguido como padrino de generaci\u00f3n del Jard\u00edn de Ni\u00f1os Benito Ju\u00e1rez Garc\u00eda y de la escuela primaria L\u00e1zaro C\u00e1rdenas [&hellip;]<\/p>\n","protected":false},"author":2,"featured_media":213763,"comment_status":"open","ping_status":"open","sticky":false,"template":"","format":"standard","meta":{"footnotes":""},"categories":[219],"tags":[311],"class_list":{"0":"post-213758","1":"post","2":"type-post","3":"status-publish","4":"format-standard","5":"has-post-thumbnail","7":"category-zona-norte","8":"tag-tantoyuca"},"nelio_content":{"isAutoShareEnabled":true,"autoShareEndMode":"never","automationSources":{"useCustomSentences":false,"customSentences":[]},"followers":[7,2],"suggestedReferences":[],"efiUrl":"","efiAlt":"","highlights":[],"permalinkQueryArgs":[],"series":[]},"_links":{"self":[{"href":"https:\/\/www.enteratever.com\/2023\/wp-json\/wp\/v2\/posts\/213758","targetHints":{"allow":["GET"]}}],"collection":[{"href":"https:\/\/www.enteratever.com\/2023\/wp-json\/wp\/v2\/posts"}],"about":[{"href":"https:\/\/www.enteratever.com\/2023\/wp-json\/wp\/v2\/types\/post"}],"author":[{"embeddable":true,"href":"https:\/\/www.enteratever.com\/2023\/wp-json\/wp\/v2\/users\/2"}],"replies":[{"embeddable":true,"href":"https:\/\/www.enteratever.com\/2023\/wp-json\/wp\/v2\/comments?post=213758"}],"version-history":[{"count":1,"href":"https:\/\/www.enteratever.com\/2023\/wp-json\/wp\/v2\/posts\/213758\/revisions"}],"predecessor-version":[{"id":213768,"href":"https:\/\/www.enteratever.com\/2023\/wp-json\/wp\/v2\/posts\/213758\/revisions\/213768"}],"wp:featuredmedia":[{"embeddable":true,"href":"https:\/\/www.enteratever.com\/2023\/wp-json\/wp\/v2\/media\/213763"}],"wp:attachment":[{"href":"https:\/\/www.enteratever.com\/2023\/wp-json\/wp\/v2\/media?parent=213758"}],"wp:term":[{"taxonomy":"category","embeddable":true,"href":"https:\/\/www.enteratever.com\/2023\/wp-json\/wp\/v2\/categories?post=213758"},{"taxonomy":"post_tag","embeddable":true,"href":"https:\/\/www.enteratever.com\/2023\/wp-json\/wp\/v2\/tags?post=213758"}],"curies":[{"name":"wp","href":"https:\/\/api.w.org\/{rel}","templated":true}]}}