{"id":213699,"date":"2024-07-16T12:07:18","date_gmt":"2024-07-16T18:07:18","guid":{"rendered":"https:\/\/www.enteratever.com\/2023\/?p=213699"},"modified":"2024-07-17T08:48:09","modified_gmt":"2024-07-17T14:48:09","slug":"continuan-acciones-coordinadas-para-remediar-caminos-en-las-localidades","status":"publish","type":"post","link":"https:\/\/www.enteratever.com\/2023\/2024\/07\/16\/continuan-acciones-coordinadas-para-remediar-caminos-en-las-localidades\/","title":{"rendered":"Contin\u00faan acciones coordinadas para remediar caminos en las localidades"},"content":{"rendered":"<p>Visitas: 0<\/p><p>Emiliano Zapata, Veracruz.- Personal de la de Protecci\u00f3n Civil particip\u00f3 en la supervisi\u00f3n realizada en #PlandelR\u00edo por la Direcci\u00f3n de Planeaci\u00f3n y Regulaci\u00f3n de la Secretar\u00eda de Protecci\u00f3n Civil del Estado de Veracruz junto con autoridades locales.<\/p>\n<p>Personal de PC Municipal retir\u00f3 palizada y escombros para liberar el camino hacia El Palmar y El Roble.<\/p>\n<p>La Direcci\u00f3n de Obras P\u00fablicas realiz\u00f3 trabajos con retroexcavadora y motoconformadora en la calle Hidalgo de Plan del R\u00edo.<\/p>\n<p>Por parte de la CMAS Emiliano Zapata se realiza el desazolve de la colonia #Arboledas en la Congregaci\u00f3n #Jacarandas.<\/p>\n<p>Recuerda: contin\u00faa la temporada de ciclones y huracanes, permanezca atento a las actualizaciones de PC Estatal por v\u00edas oficiales y medios de comunicaci\u00f3n. Ante emergencias, llame al 911.<\/p>\n","protected":false},"excerpt":{"rendered":"<p>Visitas: 0Emiliano Zapata, Veracruz.- Personal de la de Protecci\u00f3n Civil particip\u00f3 en la supervisi\u00f3n realizada en #PlandelR\u00edo por la Direcci\u00f3n de Planeaci\u00f3n y Regulaci\u00f3n de la Secretar\u00eda de Protecci\u00f3n Civil del Estado de Veracruz junto con autoridades locales. Personal de PC Municipal retir\u00f3 palizada y escombros para liberar el camino hacia El Palmar y El [&hellip;]<\/p>\n","protected":false},"author":2,"featured_media":213703,"comment_status":"open","ping_status":"open","sticky":false,"template":"","format":"standard","meta":{"footnotes":""},"categories":[236],"tags":[275],"class_list":["post-213699","post","type-post","status-publish","format-standard","has-post-thumbnail","category-zona-centro","tag-emiliano-zapata"],"nelio_content":{"isAutoShareEnabled":true,"autoShareEndMode":"never","automationSources":{"useCustomSentences":false,"customSentences":[]},"followers":[7,2],"suggestedReferences":[],"efiUrl":"","efiAlt":"","highlights":[],"permalinkQueryArgs":[],"series":[]},"_links":{"self":[{"href":"https:\/\/www.enteratever.com\/2023\/wp-json\/wp\/v2\/posts\/213699","targetHints":{"allow":["GET"]}}],"collection":[{"href":"https:\/\/www.enteratever.com\/2023\/wp-json\/wp\/v2\/posts"}],"about":[{"href":"https:\/\/www.enteratever.com\/2023\/wp-json\/wp\/v2\/types\/post"}],"author":[{"embeddable":true,"href":"https:\/\/www.enteratever.com\/2023\/wp-json\/wp\/v2\/users\/2"}],"replies":[{"embeddable":true,"href":"https:\/\/www.enteratever.com\/2023\/wp-json\/wp\/v2\/comments?post=213699"}],"version-history":[{"count":1,"href":"https:\/\/www.enteratever.com\/2023\/wp-json\/wp\/v2\/posts\/213699\/revisions"}],"predecessor-version":[{"id":213705,"href":"https:\/\/www.enteratever.com\/2023\/wp-json\/wp\/v2\/posts\/213699\/revisions\/213705"}],"wp:featuredmedia":[{"embeddable":true,"href":"https:\/\/www.enteratever.com\/2023\/wp-json\/wp\/v2\/media\/213703"}],"wp:attachment":[{"href":"https:\/\/www.enteratever.com\/2023\/wp-json\/wp\/v2\/media?parent=213699"}],"wp:term":[{"taxonomy":"category","embeddable":true,"href":"https:\/\/www.enteratever.com\/2023\/wp-json\/wp\/v2\/categories?post=213699"},{"taxonomy":"post_tag","embeddable":true,"href":"https:\/\/www.enteratever.com\/2023\/wp-json\/wp\/v2\/tags?post=213699"}],"curies":[{"name":"wp","href":"https:\/\/api.w.org\/{rel}","templated":true}]}}