{"id":213698,"date":"2024-07-16T12:15:42","date_gmt":"2024-07-16T18:15:42","guid":{"rendered":"https:\/\/www.enteratever.com\/2023\/?p=213698"},"modified":"2024-07-16T12:15:42","modified_gmt":"2024-07-16T18:15:42","slug":"recomienda-proteccion-civil-suspender-aforo-vehicular-en-la-carretera-sabana-larga-acayotla-en-caso-de-lluvias","status":"publish","type":"post","link":"https:\/\/www.enteratever.com\/2023\/2024\/07\/16\/recomienda-proteccion-civil-suspender-aforo-vehicular-en-la-carretera-sabana-larga-acayotla-en-caso-de-lluvias\/","title":{"rendered":"Recomienda Protecci\u00f3n Civil suspender aforo vehicular en la carretera Sabana Larga-Acayotla en caso de lluvias"},"content":{"rendered":"<p>Visitas: 0<\/p><p>La Unidad Municipal de Protecci\u00f3n Civil del Ayuntamiento de C\u00f3rdoba, que preside Juan Mart\u00ednez Flores, recomend\u00f3 que en caso de lluvias deber\u00e1 cerrarse a la circulaci\u00f3n vehicular la carretera Sabana Larga- Acayotla, esto con el fin de salvaguardar la vida de las personas ante la posibilidad de un deslizamiento de tierra en alguno de los catorce puntos de riesgo alto que se detectaron en una inspecci\u00f3n.<\/p>\n<p>Luego de ser evaluada la situaci\u00f3n de esa v\u00eda de comunicaci\u00f3n y habiendo entregado los informes de Protecci\u00f3n Civil, y por los continuos deslaves en los \u00faltimos d\u00edas, el alcalde Juan Mart\u00ednez Flores orden\u00f3 la inmediata reuni\u00f3n con las autoridades de las comunidades rurales para informarles de la situaci\u00f3n y tomar decisiones en conjunto, puesto que el pron\u00f3stico es que continuar\u00e1n las lluvias.<\/p>\n<p>Este lunes las autoridades se reunieron en un punto de la carretera donde han ocurrido constantes deslaves y se tomaron los primeros acuerdos. Participaron por parte de las autoridades municipales, Lucero Velasco Arellano, jefa de Programas de Bienestar Social de la Direcci\u00f3n de Desarrollo Social; Jorge Tress Mart\u00ednez, coordinador a la Unidad Municipal de Protecci\u00f3n Civil; Rodolfo L\u00f3pez, coordinador de Zona Rural; Regulo Rosas, jefe de Zona Rural de la Direcci\u00f3n de Desarrollo Social y el Departamento de Obras P\u00fablicas.<\/p>\n<p>Las autoridades locales que participaron fueron Mar\u00eda Josefina Patricia Osorio L\u00f3pez, agente municipal de Tecama Caler\u00eda Sabana Larga; Concepci\u00f3n Ram\u00edrez Mart\u00ednez, consejera municipal del pol\u00edgono Palotales; Karina Murillo, sub agente de La Luz Palotal; Araceli Arzaba Buend\u00eda, sub agente de San Isidro Palotal; Jacinto Sol\u00eds Mart\u00ednez, sub agente de Acayotla y Emmanuel Moreno Rosas, Agente Municipal de Cosaltepec.<\/p>\n<p>Acordaron que los habitantes comunicar\u00e1n a las autoridades cuando comience a llover y de manera inmediata proceder\u00e1n al cierre del paso vehicular, de ello se encargar\u00e1n los agentes y subagentes municipales u otra autoridad de la zona rural.<\/p>\n<p>Activar\u00e1n la comunicaci\u00f3n coordinada con todas las dependencias municipales, como Protecci\u00f3n Civil Desarrollo Social, Polic\u00eda Municipal y las que sean necesarias para mantener un monitoreo de los escurrimientos de agua.<\/p>\n<p>La alternativa para las personas que viajen de C\u00f3rdoba a Acayotla, es que tomen la carretera a Tomatl\u00e1n, sin entrar en la desviaci\u00f3n de Sabana Larga y den toda la vuelta para llegar a la comunidad, con ello evitar\u00e1n circular por la carretera donde hay catorce puntos de alto riesgo.<\/p>\n<p>El cierre de la carretera afecta a Acayotla, Sabana Larga, San Isidro, La Luz, Palenque, Guadalupe El Barreal y de la Manzana 1 a la 5 de El Barreal; San Elena, la Reforma, Cosaltepec y Kil\u00f3metro 14.<\/p>\n<p>La recomendaci\u00f3n de mantener cerrada la vialidad es derivado de lo saturado que se encuentra el suelo y subsuelo de la zona, los antecedentes de procesos de remoci\u00f3n de masa, as\u00ed como los constantes derrumbes que se han presentado en el transcurso del presente mes.<\/p>\n","protected":false},"excerpt":{"rendered":"<p>Visitas: 0La Unidad Municipal de Protecci\u00f3n Civil del Ayuntamiento de C\u00f3rdoba, que preside Juan Mart\u00ednez Flores, recomend\u00f3 que en caso de lluvias deber\u00e1 cerrarse a la circulaci\u00f3n vehicular la carretera Sabana Larga- Acayotla, esto con el fin de salvaguardar la vida de las personas ante la posibilidad de un deslizamiento de tierra en alguno de [&hellip;]<\/p>\n","protected":false},"author":2,"featured_media":213712,"comment_status":"open","ping_status":"open","sticky":false,"template":"","format":"standard","meta":{"footnotes":""},"categories":[239,236],"tags":[248],"class_list":{"0":"post-213698","1":"post","2":"type-post","3":"status-publish","4":"format-standard","5":"has-post-thumbnail","7":"category-cordoba","8":"category-zona-centro","9":"tag-cordoba"},"nelio_content":{"isAutoShareEnabled":true,"autoShareEndMode":"never","automationSources":{"useCustomSentences":false,"customSentences":[]},"followers":[7,2],"suggestedReferences":[],"efiUrl":"","efiAlt":"","highlights":[],"permalinkQueryArgs":[],"series":[]},"_links":{"self":[{"href":"https:\/\/www.enteratever.com\/2023\/wp-json\/wp\/v2\/posts\/213698","targetHints":{"allow":["GET"]}}],"collection":[{"href":"https:\/\/www.enteratever.com\/2023\/wp-json\/wp\/v2\/posts"}],"about":[{"href":"https:\/\/www.enteratever.com\/2023\/wp-json\/wp\/v2\/types\/post"}],"author":[{"embeddable":true,"href":"https:\/\/www.enteratever.com\/2023\/wp-json\/wp\/v2\/users\/2"}],"replies":[{"embeddable":true,"href":"https:\/\/www.enteratever.com\/2023\/wp-json\/wp\/v2\/comments?post=213698"}],"version-history":[{"count":1,"href":"https:\/\/www.enteratever.com\/2023\/wp-json\/wp\/v2\/posts\/213698\/revisions"}],"predecessor-version":[{"id":213713,"href":"https:\/\/www.enteratever.com\/2023\/wp-json\/wp\/v2\/posts\/213698\/revisions\/213713"}],"wp:featuredmedia":[{"embeddable":true,"href":"https:\/\/www.enteratever.com\/2023\/wp-json\/wp\/v2\/media\/213712"}],"wp:attachment":[{"href":"https:\/\/www.enteratever.com\/2023\/wp-json\/wp\/v2\/media?parent=213698"}],"wp:term":[{"taxonomy":"category","embeddable":true,"href":"https:\/\/www.enteratever.com\/2023\/wp-json\/wp\/v2\/categories?post=213698"},{"taxonomy":"post_tag","embeddable":true,"href":"https:\/\/www.enteratever.com\/2023\/wp-json\/wp\/v2\/tags?post=213698"}],"curies":[{"name":"wp","href":"https:\/\/api.w.org\/{rel}","templated":true}]}}