{"id":213370,"date":"2024-07-12T09:42:24","date_gmt":"2024-07-12T15:42:24","guid":{"rendered":"https:\/\/www.enteratever.com\/2023\/?p=213370"},"modified":"2024-07-12T09:42:24","modified_gmt":"2024-07-12T15:42:24","slug":"inicia-ayuntamiento-de-cordoba-reforestacion-en-calles-del-centro-de-la-ciudad","status":"publish","type":"post","link":"https:\/\/www.enteratever.com\/2023\/2024\/07\/12\/inicia-ayuntamiento-de-cordoba-reforestacion-en-calles-del-centro-de-la-ciudad\/","title":{"rendered":"Inicia ayuntamiento de C\u00f3rdoba reforestaci\u00f3n en calles del centro de la ciudad"},"content":{"rendered":"<p>Visitas: 2<\/p><p>Al celebrarse hoy el D\u00eda del \u00c1rbol, el ayuntamiento de C\u00f3rdoba que preside Juan Mart\u00ednez Flores inici\u00f3 el programa de reforestaci\u00f3n \u201cSembremos vida, cosechemos agua\u201d, que se realizar\u00e1 principalmente en calles del centro de la ciudad; se escogi\u00f3 la especie astron\u00f3mica o \u00e1rbol de J\u00fapiter, dado que adem\u00e1s se pretende embellecer las calles con flores multicolores.<\/p>\n<p>El secretario t\u00e9cnico del Consejo Consultivo del Medio Ambiente, Carlos Aguilar destac\u00f3 la urgente necesidad de sembrar \u00e1rboles en la zona urbana y con el programa de reforestaci\u00f3n que se inicia se mejora la calidad de vida de los ciudadanos.<\/p>\n<p>El programa inici\u00f3 con la reforestaci\u00f3n en la calle 7 entre avenidas 1 y 2, donde se entreg\u00f3 certificados de adopci\u00f3n de \u00e1rboles a comercios afiliados a la C\u00e1mara Nacional de Comercio (CANACO) y a estudiantes del ICATEC, quienes tendr\u00e1n bajo su cuidado los \u00e1rboles que siembran.<\/p>\n<p>Se realiz\u00f3 la plantaci\u00f3n de seis \u00e1rboles, las cuales aportar\u00e1n en \u00e9pocas de calor sombra y regulaci\u00f3n de la temperatura, dijo Tayde Gonz\u00e1lez, titular del Departamento de Ecolog\u00eda del Ayuntamiento de C\u00f3rdoba.<\/p>\n<p>Asistieron al evento Mar\u00eda Luisa Mart\u00ednez Ram\u00edrez, regidora cuarta; Daniel Hern\u00e1ndez del \u00c1ngel, director de Desarrollo Social; \u00c1ngel Villegas, director de Parques y Jardines; Jos\u00e9 Antonio Mora Far\u00edas, presidente de CANACO; Jos\u00e9 Alfonso Palma, director de Servicios Municipales; Mar\u00eda Elena Yunes, directora del DIF municipal; Valeria Pital\u00faa, coordinadora de Turismo.<\/p>\n","protected":false},"excerpt":{"rendered":"<p>Visitas: 2Al celebrarse hoy el D\u00eda del \u00c1rbol, el ayuntamiento de C\u00f3rdoba que preside Juan Mart\u00ednez Flores inici\u00f3 el programa de reforestaci\u00f3n \u201cSembremos vida, cosechemos agua\u201d, que se realizar\u00e1 principalmente en calles del centro de la ciudad; se escogi\u00f3 la especie astron\u00f3mica o \u00e1rbol de J\u00fapiter, dado que adem\u00e1s se pretende embellecer las calles con [&hellip;]<\/p>\n","protected":false},"author":2,"featured_media":213372,"comment_status":"open","ping_status":"open","sticky":false,"template":"","format":"standard","meta":{"footnotes":""},"categories":[239,236],"tags":[248],"class_list":{"0":"post-213370","1":"post","2":"type-post","3":"status-publish","4":"format-standard","5":"has-post-thumbnail","7":"category-cordoba","8":"category-zona-centro","9":"tag-cordoba"},"nelio_content":{"isAutoShareEnabled":true,"autoShareEndMode":"never","automationSources":{"useCustomSentences":false,"customSentences":[]},"followers":[7,2],"suggestedReferences":[],"efiUrl":"","efiAlt":"","highlights":[],"permalinkQueryArgs":[],"series":[]},"_links":{"self":[{"href":"https:\/\/www.enteratever.com\/2023\/wp-json\/wp\/v2\/posts\/213370","targetHints":{"allow":["GET"]}}],"collection":[{"href":"https:\/\/www.enteratever.com\/2023\/wp-json\/wp\/v2\/posts"}],"about":[{"href":"https:\/\/www.enteratever.com\/2023\/wp-json\/wp\/v2\/types\/post"}],"author":[{"embeddable":true,"href":"https:\/\/www.enteratever.com\/2023\/wp-json\/wp\/v2\/users\/2"}],"replies":[{"embeddable":true,"href":"https:\/\/www.enteratever.com\/2023\/wp-json\/wp\/v2\/comments?post=213370"}],"version-history":[{"count":1,"href":"https:\/\/www.enteratever.com\/2023\/wp-json\/wp\/v2\/posts\/213370\/revisions"}],"predecessor-version":[{"id":213373,"href":"https:\/\/www.enteratever.com\/2023\/wp-json\/wp\/v2\/posts\/213370\/revisions\/213373"}],"wp:featuredmedia":[{"embeddable":true,"href":"https:\/\/www.enteratever.com\/2023\/wp-json\/wp\/v2\/media\/213372"}],"wp:attachment":[{"href":"https:\/\/www.enteratever.com\/2023\/wp-json\/wp\/v2\/media?parent=213370"}],"wp:term":[{"taxonomy":"category","embeddable":true,"href":"https:\/\/www.enteratever.com\/2023\/wp-json\/wp\/v2\/categories?post=213370"},{"taxonomy":"post_tag","embeddable":true,"href":"https:\/\/www.enteratever.com\/2023\/wp-json\/wp\/v2\/tags?post=213370"}],"curies":[{"name":"wp","href":"https:\/\/api.w.org\/{rel}","templated":true}]}}