{"id":213366,"date":"2024-07-12T09:38:45","date_gmt":"2024-07-12T15:38:45","guid":{"rendered":"https:\/\/www.enteratever.com\/2023\/?p=213366"},"modified":"2024-07-12T09:38:45","modified_gmt":"2024-07-12T15:38:45","slug":"el-festival-de-la-flor-de-izote-une-a-familias-a-los-amigos-y-muestra-las-tradiciones-culinarias-de-cordoba-paola-castillo-melo","status":"publish","type":"post","link":"https:\/\/www.enteratever.com\/2023\/2024\/07\/12\/el-festival-de-la-flor-de-izote-une-a-familias-a-los-amigos-y-muestra-las-tradiciones-culinarias-de-cordoba-paola-castillo-melo\/","title":{"rendered":"El Festival de la Flor de Izote une a familias, a los amigos y muestra las tradiciones culinarias de C\u00f3rdoba: Paola Castillo Melo"},"content":{"rendered":"<p>Visitas: 1<\/p><p>El Festival de la Flor de Izote que realiz\u00f3 el ayuntamiento de C\u00f3rdoba por tercera ocasi\u00f3n en la ex hacienda San Francisco Toxpan, representa una oportunidad para que las familias se unan, para atraer visitantes y generar un dinamismo en la ciudad, se\u00f1al\u00f3 Paola Castillo Melo, directora de la escuela ISIMA, plantel C\u00f3rdoba, que adem\u00e1s de participar con una Master Class y juez en el Festival, llev\u00f3 a sus alumnos al concurso culinario.<\/p>\n<p>\u201cMuy aparte de todo lo que se ve, independientemente de la carrera pedestre, hubo puestos de todo; no solamente de flor de izote, tambi\u00e9n hubo caf\u00e9, y otras cosas, adem\u00e1s nos volvemos a encontrar gente y amistades que tiempo atr\u00e1s dejamos de ver; este tipo de eventos hace que la gente se vuelva a unir y no nada m\u00e1s en eventos como este, si no en una comida que es precisamente tambi\u00e9n el momento donde se promueve la uni\u00f3n familiar\u201d, coment\u00f3 Castillo Melo.<\/p>\n<p>Se\u00f1al\u00f3 que es de mucha val\u00eda enaltecer la flor de izote y es de gran orgullo para los cordobeses, de ah\u00ed la importancia de rescatar, idear y fomentar recetas que nacen de la imaginaci\u00f3n y del coraz\u00f3n de los cocineros, para que as\u00ed los estudiantes en gastronom\u00eda y restaurantes de todo el mundo puedan, a trav\u00e9s de un recetario, promover las delicias que nuestro C\u00f3rdoba produce con materias primas de la regi\u00f3n.<\/p>\n<p>Paola Castillo Melo, adem\u00e1s de presentar una master class y de llevar a sus alumnos a participar en el concurso culinario, fungi\u00f3 como juez que calific\u00f3 49 platillos junto a otros destacados especialistas de la gastronom\u00eda en \u00e9ste Festival.<\/p>\n<p>\u201cCon flor de izote se pueden preparar platillos que, al mezclarse con una variedad de comestibles de otras culturas, se les da otro toque m\u00e1s especial y elegante como el Quiche de Flor de Izote que es una mezcla entre Francia y M\u00e9xico; mezclar las delicias turcas con Flor de Izote dar\u00eda como resultado un Baklava con flor de Izote, que es un postre. De esta manera se podr\u00eda pretender que todos los platillos preparados con flor de izote tengan un lugar en todos los restaurantes del mundo, para poder llegar al paladar de los comensales y que degusten de esta flor mexicana\u201d.<\/p>\n<p>Desde su perspectiva al frente de una instituci\u00f3n educativa enfocada en la preparaci\u00f3n de futuros chef, dijo que es una oportunidad de dar a conocer tambi\u00e9n a las instituciones gastron\u00f3micas que est\u00e1n en C\u00f3rdoba, es importante para que a las personas que les gusta el arte culinario, puedan prepararse de manera profesional y llegar a instruirse en la preparaci\u00f3n de platillos ex\u00f3ticos de Flor de Izote, que puedan ser explotados tur\u00edsticamente y gastron\u00f3micamente en todos los aspectos para dar a conocer de esta manera la saz\u00f3n de C\u00f3rdoba.<\/p>\n<p>#ODS8<\/p>\n","protected":false},"excerpt":{"rendered":"<p>Visitas: 1El Festival de la Flor de Izote que realiz\u00f3 el ayuntamiento de C\u00f3rdoba por tercera ocasi\u00f3n en la ex hacienda San Francisco Toxpan, representa una oportunidad para que las familias se unan, para atraer visitantes y generar un dinamismo en la ciudad, se\u00f1al\u00f3 Paola Castillo Melo, directora de la escuela ISIMA, plantel C\u00f3rdoba, que [&hellip;]<\/p>\n","protected":false},"author":2,"featured_media":213368,"comment_status":"open","ping_status":"open","sticky":false,"template":"","format":"standard","meta":{"footnotes":""},"categories":[239,236],"tags":[248],"class_list":{"0":"post-213366","1":"post","2":"type-post","3":"status-publish","4":"format-standard","5":"has-post-thumbnail","7":"category-cordoba","8":"category-zona-centro","9":"tag-cordoba"},"nelio_content":{"isAutoShareEnabled":true,"autoShareEndMode":"never","automationSources":{"useCustomSentences":false,"customSentences":[]},"followers":[7,2],"suggestedReferences":[],"efiUrl":"","efiAlt":"","highlights":[],"permalinkQueryArgs":[],"series":[]},"_links":{"self":[{"href":"https:\/\/www.enteratever.com\/2023\/wp-json\/wp\/v2\/posts\/213366","targetHints":{"allow":["GET"]}}],"collection":[{"href":"https:\/\/www.enteratever.com\/2023\/wp-json\/wp\/v2\/posts"}],"about":[{"href":"https:\/\/www.enteratever.com\/2023\/wp-json\/wp\/v2\/types\/post"}],"author":[{"embeddable":true,"href":"https:\/\/www.enteratever.com\/2023\/wp-json\/wp\/v2\/users\/2"}],"replies":[{"embeddable":true,"href":"https:\/\/www.enteratever.com\/2023\/wp-json\/wp\/v2\/comments?post=213366"}],"version-history":[{"count":1,"href":"https:\/\/www.enteratever.com\/2023\/wp-json\/wp\/v2\/posts\/213366\/revisions"}],"predecessor-version":[{"id":213369,"href":"https:\/\/www.enteratever.com\/2023\/wp-json\/wp\/v2\/posts\/213366\/revisions\/213369"}],"wp:featuredmedia":[{"embeddable":true,"href":"https:\/\/www.enteratever.com\/2023\/wp-json\/wp\/v2\/media\/213368"}],"wp:attachment":[{"href":"https:\/\/www.enteratever.com\/2023\/wp-json\/wp\/v2\/media?parent=213366"}],"wp:term":[{"taxonomy":"category","embeddable":true,"href":"https:\/\/www.enteratever.com\/2023\/wp-json\/wp\/v2\/categories?post=213366"},{"taxonomy":"post_tag","embeddable":true,"href":"https:\/\/www.enteratever.com\/2023\/wp-json\/wp\/v2\/tags?post=213366"}],"curies":[{"name":"wp","href":"https:\/\/api.w.org\/{rel}","templated":true}]}}