{"id":213271,"date":"2024-07-11T14:56:31","date_gmt":"2024-07-11T20:56:31","guid":{"rendered":"https:\/\/www.enteratever.com\/2023\/?p=213271"},"modified":"2024-07-11T15:05:13","modified_gmt":"2024-07-11T21:05:13","slug":"familiares-buscan-a-menor-papanteca","status":"publish","type":"post","link":"https:\/\/www.enteratever.com\/2023\/2024\/07\/11\/familiares-buscan-a-menor-papanteca\/","title":{"rendered":"Familiares buscan a menor papanteca"},"content":{"rendered":"<p>Visitas: 14<\/p><p>A trav\u00e9s de La Comisi\u00f3n Estatal de B\u00fasqueda de ha emitido una ficha de b\u00fasqueda  por la desaparici\u00f3n de una menor de edad originaria se Papantla, la cual desapareci\u00f3 en d\u00edas pasados y es buscada desesperadamente por su familia <\/p>\n<p>La angustiada familia piden el apoyo de la sociedad para poder  dar con su paradero ya que desde el pasado 6 de julio no saben de ella  por lo que temen que su integridad corra peligro <\/p>\n<p>La ficha 24\/CI 0403U-24\/ZN, asegura que se trata de Andrea Servin Javier de 15 a\u00f1os de edad, sali\u00f3 de su domicilio, pero al paso de las horas no regres\u00f3. La joven tiene una estatura de 1.65 metros, ojos color cafe oscuro, color de piel morena clara, cabello casta\u00f1o y lacio<\/p>\n","protected":false},"excerpt":{"rendered":"<p>Visitas: 14A trav\u00e9s de La Comisi\u00f3n Estatal de B\u00fasqueda de ha emitido una ficha de b\u00fasqueda por la desaparici\u00f3n de una menor de edad originaria se Papantla, la cual desapareci\u00f3 en d\u00edas pasados y es buscada desesperadamente por su familia La angustiada familia piden el apoyo de la sociedad para poder dar con su paradero [&hellip;]<\/p>\n","protected":false},"author":3,"featured_media":213275,"comment_status":"open","ping_status":"open","sticky":false,"template":"","format":"standard","meta":{"footnotes":""},"categories":[299,215,219],"tags":[21,41],"class_list":{"0":"post-213271","1":"post","2":"type-post","3":"status-publish","4":"format-standard","5":"has-post-thumbnail","7":"category-notas-locales","8":"category-papantla","9":"category-zona-norte","10":"tag-papantla","11":"tag-portada"},"nelio_content":{"isAutoShareEnabled":true,"autoShareEndMode":"never","automationSources":{"useCustomSentences":false,"customSentences":[]},"followers":[7,3],"suggestedReferences":[],"efiUrl":"","efiAlt":"","highlights":[],"permalinkQueryArgs":[],"series":[]},"_links":{"self":[{"href":"https:\/\/www.enteratever.com\/2023\/wp-json\/wp\/v2\/posts\/213271","targetHints":{"allow":["GET"]}}],"collection":[{"href":"https:\/\/www.enteratever.com\/2023\/wp-json\/wp\/v2\/posts"}],"about":[{"href":"https:\/\/www.enteratever.com\/2023\/wp-json\/wp\/v2\/types\/post"}],"author":[{"embeddable":true,"href":"https:\/\/www.enteratever.com\/2023\/wp-json\/wp\/v2\/users\/3"}],"replies":[{"embeddable":true,"href":"https:\/\/www.enteratever.com\/2023\/wp-json\/wp\/v2\/comments?post=213271"}],"version-history":[{"count":1,"href":"https:\/\/www.enteratever.com\/2023\/wp-json\/wp\/v2\/posts\/213271\/revisions"}],"predecessor-version":[{"id":213276,"href":"https:\/\/www.enteratever.com\/2023\/wp-json\/wp\/v2\/posts\/213271\/revisions\/213276"}],"wp:featuredmedia":[{"embeddable":true,"href":"https:\/\/www.enteratever.com\/2023\/wp-json\/wp\/v2\/media\/213275"}],"wp:attachment":[{"href":"https:\/\/www.enteratever.com\/2023\/wp-json\/wp\/v2\/media?parent=213271"}],"wp:term":[{"taxonomy":"category","embeddable":true,"href":"https:\/\/www.enteratever.com\/2023\/wp-json\/wp\/v2\/categories?post=213271"},{"taxonomy":"post_tag","embeddable":true,"href":"https:\/\/www.enteratever.com\/2023\/wp-json\/wp\/v2\/tags?post=213271"}],"curies":[{"name":"wp","href":"https:\/\/api.w.org\/{rel}","templated":true}]}}