{"id":213022,"date":"2024-07-10T10:55:54","date_gmt":"2024-07-10T16:55:54","guid":{"rendered":"https:\/\/www.enteratever.com\/2023\/?p=213022"},"modified":"2024-07-10T10:55:54","modified_gmt":"2024-07-10T16:55:54","slug":"conmemora-imjuve-el-117-aniversario-de-natalicio-de-frida-kahlo-con-exposicion-pictorica","status":"publish","type":"post","link":"https:\/\/www.enteratever.com\/2023\/2024\/07\/10\/conmemora-imjuve-el-117-aniversario-de-natalicio-de-frida-kahlo-con-exposicion-pictorica\/","title":{"rendered":"Conmemora IMJUVE el 117 aniversario de natalicio de Frida Kahlo con exposici\u00f3n pict\u00f3rica"},"content":{"rendered":"<p>Visitas: 0<\/p><p>El Instituto Municipal de la Juventud de C\u00f3rdoba organiza la exposici\u00f3n de pinturas \u201cLos Reflejos de Frida\u201d, obras realizadas por estudiantes de la escuela \u201cSol Art\u201d quienes eligieron la tem\u00e1tica sobre Frida Kahlo para conmemorar el 117 aniversario de natalicio de la pintora mexicana; las creaciones podr\u00e1n apreciarse del d\u00eda 10 al 15 de julio en el museo Tratados de C\u00f3rdoba, Informo Valeria Alarc\u00f3n Mart\u00ednez de la Muria, titular del IMJUVE.<\/p>\n<p>La inauguraci\u00f3n ser\u00e1 este mi\u00e9rcoles 10 de julio a las 6 de la tarde, donde adem\u00e1s se contar\u00e1 con la conferencia \u201cFacetas de Vida\u201d impartida por Mar\u00eda Luisa Martell Contreras, cronista municipal, en donde se hablar\u00e1 sobre la vida y obras de la artista.<\/p>\n<p>A trav\u00e9s de sus obras los alumnos mostrar\u00e1n al mundo lo que significa para ellos Frida Kahlo en la actualidad. Este acontecimiento albergara la presencia de cientos de invitados que podr\u00e1n apreciar la vida y logros de este icono internacional.<\/p>\n","protected":false},"excerpt":{"rendered":"<p>Visitas: 0El Instituto Municipal de la Juventud de C\u00f3rdoba organiza la exposici\u00f3n de pinturas \u201cLos Reflejos de Frida\u201d, obras realizadas por estudiantes de la escuela \u201cSol Art\u201d quienes eligieron la tem\u00e1tica sobre Frida Kahlo para conmemorar el 117 aniversario de natalicio de la pintora mexicana; las creaciones podr\u00e1n apreciarse del d\u00eda 10 al 15 de [&hellip;]<\/p>\n","protected":false},"author":2,"featured_media":213026,"comment_status":"open","ping_status":"open","sticky":false,"template":"","format":"standard","meta":{"footnotes":""},"categories":[239,236],"tags":[248],"class_list":{"0":"post-213022","1":"post","2":"type-post","3":"status-publish","4":"format-standard","5":"has-post-thumbnail","7":"category-cordoba","8":"category-zona-centro","9":"tag-cordoba"},"nelio_content":{"isAutoShareEnabled":true,"autoShareEndMode":"never","automationSources":{"useCustomSentences":false,"customSentences":[]},"followers":[7,2],"suggestedReferences":[],"efiUrl":"","efiAlt":"","highlights":[],"permalinkQueryArgs":[],"series":[]},"_links":{"self":[{"href":"https:\/\/www.enteratever.com\/2023\/wp-json\/wp\/v2\/posts\/213022","targetHints":{"allow":["GET"]}}],"collection":[{"href":"https:\/\/www.enteratever.com\/2023\/wp-json\/wp\/v2\/posts"}],"about":[{"href":"https:\/\/www.enteratever.com\/2023\/wp-json\/wp\/v2\/types\/post"}],"author":[{"embeddable":true,"href":"https:\/\/www.enteratever.com\/2023\/wp-json\/wp\/v2\/users\/2"}],"replies":[{"embeddable":true,"href":"https:\/\/www.enteratever.com\/2023\/wp-json\/wp\/v2\/comments?post=213022"}],"version-history":[{"count":1,"href":"https:\/\/www.enteratever.com\/2023\/wp-json\/wp\/v2\/posts\/213022\/revisions"}],"predecessor-version":[{"id":213027,"href":"https:\/\/www.enteratever.com\/2023\/wp-json\/wp\/v2\/posts\/213022\/revisions\/213027"}],"wp:featuredmedia":[{"embeddable":true,"href":"https:\/\/www.enteratever.com\/2023\/wp-json\/wp\/v2\/media\/213026"}],"wp:attachment":[{"href":"https:\/\/www.enteratever.com\/2023\/wp-json\/wp\/v2\/media?parent=213022"}],"wp:term":[{"taxonomy":"category","embeddable":true,"href":"https:\/\/www.enteratever.com\/2023\/wp-json\/wp\/v2\/categories?post=213022"},{"taxonomy":"post_tag","embeddable":true,"href":"https:\/\/www.enteratever.com\/2023\/wp-json\/wp\/v2\/tags?post=213022"}],"curies":[{"name":"wp","href":"https:\/\/api.w.org\/{rel}","templated":true}]}}