{"id":212990,"date":"2024-07-10T09:21:35","date_gmt":"2024-07-10T15:21:35","guid":{"rendered":"https:\/\/www.enteratever.com\/2023\/?p=212990"},"modified":"2024-07-10T09:33:31","modified_gmt":"2024-07-10T15:33:31","slug":"212990-2","status":"publish","type":"post","link":"https:\/\/www.enteratever.com\/2023\/2024\/07\/10\/212990-2\/","title":{"rendered":"Emotiva graduaci\u00f3n del Jard\u00edn de Ni\u00f1os Carlos A. Carrillo"},"content":{"rendered":"<p>Visitas: 1<\/p><p>Con padrinos de generaci\u00f3n que trabajan por el Bien Com\u00fan a favor de la Educaci\u00f3n, el Jard\u00edn de Ni\u00f1os Carlos A. Carrillo; los peque\u00f1os graduados de est\u00e1 instituci\u00f3n, contaron con el apadrinamiento del alcalde, ingeniero Jes\u00fas Guzm\u00e1n Avil\u00e9s, y de la contadora Mar\u00eda de Lourdes Mart\u00ednez de la Garza, presidenta del sistema DIF municipal. En un evento donde la alegria y felicidad de los ni\u00f1os fue notoria, al recibir sus documentos por haber terminado su ense\u00f1anza pre escolar.<\/p>\n<p>El jefe edilicio, dio muestra de ser un gran aliado de la Educaci\u00f3n, al felicitar de forma efusiva a las educadoras por el trabajo que realizan, al brindar esa ense\u00f1anza a los ni\u00f1os que hoy llevan marcada en su mente, cada una de las letras aprendidas gracias a la paciencia y dedicaci\u00f3n de sus maestras.<\/p>\n<p>COMUNICADO<\/p>\n<p><strong>o o O O O O o o<\/strong><\/p>\n<p><a href=\"https:\/\/www.x.com\/enteratevercom\"><img loading=\"lazy\" decoding=\"async\" class=\"aligncenter wp-image-212175\" src=\"https:\/\/www.enteratever.com\/2023\/wp-content\/uploads\/2024\/07\/anuncio-1024x169.png\" alt=\"\" width=\"850\" height=\"140\" srcset=\"https:\/\/www.enteratever.com\/2023\/wp-content\/uploads\/2024\/07\/anuncio-1024x169.png 1024w, https:\/\/www.enteratever.com\/2023\/wp-content\/uploads\/2024\/07\/anuncio-300x50.png 300w, https:\/\/www.enteratever.com\/2023\/wp-content\/uploads\/2024\/07\/anuncio-768x127.png 768w, https:\/\/www.enteratever.com\/2023\/wp-content\/uploads\/2024\/07\/anuncio-1536x254.png 1536w, https:\/\/www.enteratever.com\/2023\/wp-content\/uploads\/2024\/07\/anuncio-2048x338.png 2048w, https:\/\/www.enteratever.com\/2023\/wp-content\/uploads\/2024\/07\/anuncio-150x25.png 150w, https:\/\/www.enteratever.com\/2023\/wp-content\/uploads\/2024\/07\/anuncio-696x115.png 696w, https:\/\/www.enteratever.com\/2023\/wp-content\/uploads\/2024\/07\/anuncio-1068x176.png 1068w, https:\/\/www.enteratever.com\/2023\/wp-content\/uploads\/2024\/07\/anuncio-1920x317.png 1920w\" sizes=\"auto, (max-width: 850px) 100vw, 850px\" \/><\/a><\/p>\n","protected":false},"excerpt":{"rendered":"<p>Visitas: 1Con padrinos de generaci\u00f3n que trabajan por el Bien Com\u00fan a favor de la Educaci\u00f3n, el Jard\u00edn de Ni\u00f1os Carlos A. Carrillo; los peque\u00f1os graduados de est\u00e1 instituci\u00f3n, contaron con el apadrinamiento del alcalde, ingeniero Jes\u00fas Guzm\u00e1n Avil\u00e9s, y de la contadora Mar\u00eda de Lourdes Mart\u00ednez de la Garza, presidenta del sistema DIF municipal. [&hellip;]<\/p>\n","protected":false},"author":2,"featured_media":212993,"comment_status":"open","ping_status":"open","sticky":false,"template":"","format":"standard","meta":{"footnotes":""},"categories":[219],"tags":[311],"class_list":{"0":"post-212990","1":"post","2":"type-post","3":"status-publish","4":"format-standard","5":"has-post-thumbnail","7":"category-zona-norte","8":"tag-tantoyuca"},"nelio_content":{"isAutoShareEnabled":true,"autoShareEndMode":"never","automationSources":{"useCustomSentences":false,"customSentences":[]},"followers":[7,2],"suggestedReferences":[],"efiUrl":"","efiAlt":"","highlights":[],"permalinkQueryArgs":[],"series":[]},"_links":{"self":[{"href":"https:\/\/www.enteratever.com\/2023\/wp-json\/wp\/v2\/posts\/212990","targetHints":{"allow":["GET"]}}],"collection":[{"href":"https:\/\/www.enteratever.com\/2023\/wp-json\/wp\/v2\/posts"}],"about":[{"href":"https:\/\/www.enteratever.com\/2023\/wp-json\/wp\/v2\/types\/post"}],"author":[{"embeddable":true,"href":"https:\/\/www.enteratever.com\/2023\/wp-json\/wp\/v2\/users\/2"}],"replies":[{"embeddable":true,"href":"https:\/\/www.enteratever.com\/2023\/wp-json\/wp\/v2\/comments?post=212990"}],"version-history":[{"count":2,"href":"https:\/\/www.enteratever.com\/2023\/wp-json\/wp\/v2\/posts\/212990\/revisions"}],"predecessor-version":[{"id":212996,"href":"https:\/\/www.enteratever.com\/2023\/wp-json\/wp\/v2\/posts\/212990\/revisions\/212996"}],"wp:featuredmedia":[{"embeddable":true,"href":"https:\/\/www.enteratever.com\/2023\/wp-json\/wp\/v2\/media\/212993"}],"wp:attachment":[{"href":"https:\/\/www.enteratever.com\/2023\/wp-json\/wp\/v2\/media?parent=212990"}],"wp:term":[{"taxonomy":"category","embeddable":true,"href":"https:\/\/www.enteratever.com\/2023\/wp-json\/wp\/v2\/categories?post=212990"},{"taxonomy":"post_tag","embeddable":true,"href":"https:\/\/www.enteratever.com\/2023\/wp-json\/wp\/v2\/tags?post=212990"}],"curies":[{"name":"wp","href":"https:\/\/api.w.org\/{rel}","templated":true}]}}