{"id":212882,"date":"2024-07-09T09:25:08","date_gmt":"2024-07-09T15:25:08","guid":{"rendered":"https:\/\/www.enteratever.com\/2023\/?p=212882"},"modified":"2024-07-09T10:01:30","modified_gmt":"2024-07-09T16:01:30","slug":"en-vacaciones-de-verano-la-policia-municipal-de-cordoba-iniciara-el-programa-patrullaje-juvenil-dirigido-a-ninos","status":"publish","type":"post","link":"https:\/\/www.enteratever.com\/2023\/2024\/07\/09\/en-vacaciones-de-verano-la-policia-municipal-de-cordoba-iniciara-el-programa-patrullaje-juvenil-dirigido-a-ninos\/","title":{"rendered":"En vacaciones de verano la Polic\u00eda Municipal de C\u00f3rdoba iniciar\u00e1 el programa \u201cPatrullaje Juvenil\u201d dirigido a ni\u00f1os"},"content":{"rendered":"<p>Visitas: 2<\/p><p>En la temporada vacacional de verano se pondr\u00e1 en marcha el programa \u201cPatrullaje Juvenil\u201d impartido por personal de la Direcci\u00f3n de Seguridad y Protecci\u00f3n Ciudadana de C\u00f3rdoba, inform\u00f3 Lilia M\u00e1rquez Gonz\u00e1lez, titular de la Jefatura de Prevenci\u00f3n del Delito, quien anticip\u00f3 que en breve se dar\u00e1 a conocer la convocatoria y los requisitos para que los interesados puedan participar y tambi\u00e9n advirti\u00f3 que el programa tendr\u00e1 cupo limitado.<br \/>\n<a href=\"https:\/\/www.enteratever.com\/2023\/wp-content\/uploads\/2024\/07\/imagen_2024-07-09_102055110.png\"><img loading=\"lazy\" decoding=\"async\" class=\"aligncenter size-large wp-image-212885\" src=\"https:\/\/www.enteratever.com\/2023\/wp-content\/uploads\/2024\/07\/imagen_2024-07-09_102055110-1024x768.png\" alt=\"\" width=\"696\" height=\"522\" srcset=\"https:\/\/www.enteratever.com\/2023\/wp-content\/uploads\/2024\/07\/imagen_2024-07-09_102055110-1024x768.png 1024w, https:\/\/www.enteratever.com\/2023\/wp-content\/uploads\/2024\/07\/imagen_2024-07-09_102055110-300x225.png 300w, https:\/\/www.enteratever.com\/2023\/wp-content\/uploads\/2024\/07\/imagen_2024-07-09_102055110-768x576.png 768w, https:\/\/www.enteratever.com\/2023\/wp-content\/uploads\/2024\/07\/imagen_2024-07-09_102055110-560x420.png 560w, https:\/\/www.enteratever.com\/2023\/wp-content\/uploads\/2024\/07\/imagen_2024-07-09_102055110-80x60.png 80w, https:\/\/www.enteratever.com\/2023\/wp-content\/uploads\/2024\/07\/imagen_2024-07-09_102055110-150x113.png 150w, https:\/\/www.enteratever.com\/2023\/wp-content\/uploads\/2024\/07\/imagen_2024-07-09_102055110-696x522.png 696w, https:\/\/www.enteratever.com\/2023\/wp-content\/uploads\/2024\/07\/imagen_2024-07-09_102055110-1068x801.png 1068w, https:\/\/www.enteratever.com\/2023\/wp-content\/uploads\/2024\/07\/imagen_2024-07-09_102055110-265x198.png 265w, https:\/\/www.enteratever.com\/2023\/wp-content\/uploads\/2024\/07\/imagen_2024-07-09_102055110.png 1280w\" sizes=\"auto, (max-width: 696px) 100vw, 696px\" \/><\/a><br \/>\n<em><strong><a href=\"https:\/\/www.enteratever.com\/2023\/da-sipinna-talleres-a-maestros-y-padres-de-familia-sobre-prevencion-del-acoso-escolar\/\">Da SIPINNA talleres a maestros y padres de familia sobre prevenci\u00f3n del acoso escolar<\/a><\/strong><\/em><\/p>\n<p>\u201cEl programa consiste en trabajar con ni\u00f1os de 9 a 15 a\u00f1os de edad, del 29 de julio al 9 de agosto, con un horario de 9:30 a 13 horas; los ni\u00f1os van a aprender temas de seguridad y protecci\u00f3n a trav\u00e9s de juegos, din\u00e1micas, deporte y juegos. Vamos a trabajar con ellos valores como la disciplina, para que tengan un buen desarrollo y el d\u00eda de ma\u00f1ana sean mejores ciudadanos\u201d, se\u00f1al\u00f3 M\u00e1rquez Gonz\u00e1lez.<\/p>\n<p><em><strong><a href=\"https:\/\/www.enteratever.com\/2023\/pintaran-de-color-rojo-el-puente-de-hierro-del-barrio-de-la-estacion-primero-se-le-dara-mantenimiento\/\">C\u00f3rdoba: Pintar\u00e1n de color rojo el puente de hierro del barrio de La Estaci\u00f3n; primero se le dar\u00e1 mantenimiento<\/a><\/strong><\/em><\/p>\n<p>La preocupaci\u00f3n por mejorar como sociedad, nos obliga a reflexionar acerca de la transmisi\u00f3n de valores, ejemplos y ense\u00f1anzas que el menor aprende en el hogar. Potenciar una cultura basada en el respeto hacia los dem\u00e1s es uno de los fines de este programa, que muy pronto entrara en acci\u00f3n para aquellos j\u00f3venes que est\u00e9n interesados en cultivar y preparar su desarrollo personal, agreg\u00f3 la funcionaria.<\/p>\n<p><a href=\"https:\/\/www.fb.com\/enteratevercom\"><img loading=\"lazy\" decoding=\"async\" class=\"aligncenter wp-image-212175 size-large\" src=\"https:\/\/www.enteratever.com\/2023\/wp-content\/uploads\/2024\/07\/anuncio-1024x169.png\" alt=\"\" width=\"696\" height=\"115\" srcset=\"https:\/\/www.enteratever.com\/2023\/wp-content\/uploads\/2024\/07\/anuncio-1024x169.png 1024w, https:\/\/www.enteratever.com\/2023\/wp-content\/uploads\/2024\/07\/anuncio-300x50.png 300w, https:\/\/www.enteratever.com\/2023\/wp-content\/uploads\/2024\/07\/anuncio-768x127.png 768w, https:\/\/www.enteratever.com\/2023\/wp-content\/uploads\/2024\/07\/anuncio-1536x254.png 1536w, https:\/\/www.enteratever.com\/2023\/wp-content\/uploads\/2024\/07\/anuncio-2048x338.png 2048w, https:\/\/www.enteratever.com\/2023\/wp-content\/uploads\/2024\/07\/anuncio-150x25.png 150w, https:\/\/www.enteratever.com\/2023\/wp-content\/uploads\/2024\/07\/anuncio-696x115.png 696w, https:\/\/www.enteratever.com\/2023\/wp-content\/uploads\/2024\/07\/anuncio-1068x176.png 1068w, https:\/\/www.enteratever.com\/2023\/wp-content\/uploads\/2024\/07\/anuncio-1920x317.png 1920w\" sizes=\"auto, (max-width: 696px) 100vw, 696px\" \/><\/a><a href=\"https:\/\/www.instagram.com\/enteratevercom\"><img loading=\"lazy\" decoding=\"async\" class=\"aligncenter wp-image-212690 size-large\" src=\"https:\/\/www.enteratever.com\/2023\/wp-content\/uploads\/2024\/07\/enteratevercom_qr-891x1024.png\" alt=\"\" width=\"696\" height=\"800\" srcset=\"https:\/\/www.enteratever.com\/2023\/wp-content\/uploads\/2024\/07\/enteratevercom_qr-891x1024.png 891w, https:\/\/www.enteratever.com\/2023\/wp-content\/uploads\/2024\/07\/enteratevercom_qr-261x300.png 261w, https:\/\/www.enteratever.com\/2023\/wp-content\/uploads\/2024\/07\/enteratevercom_qr-768x882.png 768w, https:\/\/www.enteratever.com\/2023\/wp-content\/uploads\/2024\/07\/enteratevercom_qr-1337x1536.png 1337w, https:\/\/www.enteratever.com\/2023\/wp-content\/uploads\/2024\/07\/enteratevercom_qr-1783x2048.png 1783w, https:\/\/www.enteratever.com\/2023\/wp-content\/uploads\/2024\/07\/enteratevercom_qr-366x420.png 366w, https:\/\/www.enteratever.com\/2023\/wp-content\/uploads\/2024\/07\/enteratevercom_qr-150x172.png 150w, https:\/\/www.enteratever.com\/2023\/wp-content\/uploads\/2024\/07\/enteratevercom_qr-300x345.png 300w, https:\/\/www.enteratever.com\/2023\/wp-content\/uploads\/2024\/07\/enteratevercom_qr-696x800.png 696w, https:\/\/www.enteratever.com\/2023\/wp-content\/uploads\/2024\/07\/enteratevercom_qr-1068x1227.png 1068w, https:\/\/www.enteratever.com\/2023\/wp-content\/uploads\/2024\/07\/enteratevercom_qr-1920x2206.png 1920w\" sizes=\"auto, (max-width: 696px) 100vw, 696px\" \/><\/a><\/p>\n","protected":false},"excerpt":{"rendered":"<p>En la temporada vacacional de verano se pondr\u00e1 en marcha el programa \u201cPatrullaje Juvenil\u201d impartido por personal<\/p>\n","protected":false},"author":2,"featured_media":212888,"comment_status":"open","ping_status":"open","sticky":false,"template":"","format":"standard","meta":{"footnotes":""},"categories":[239,236],"tags":[248,41],"class_list":{"0":"post-212882","1":"post","2":"type-post","3":"status-publish","4":"format-standard","5":"has-post-thumbnail","7":"category-cordoba","8":"category-zona-centro","9":"tag-cordoba","10":"tag-portada"},"nelio_content":{"isAutoShareEnabled":true,"autoShareEndMode":"never","automationSources":{"useCustomSentences":false,"customSentences":[]},"followers":[7,2],"suggestedReferences":[],"efiUrl":"","efiAlt":"","highlights":[],"permalinkQueryArgs":[],"series":[]},"_links":{"self":[{"href":"https:\/\/www.enteratever.com\/2023\/wp-json\/wp\/v2\/posts\/212882","targetHints":{"allow":["GET"]}}],"collection":[{"href":"https:\/\/www.enteratever.com\/2023\/wp-json\/wp\/v2\/posts"}],"about":[{"href":"https:\/\/www.enteratever.com\/2023\/wp-json\/wp\/v2\/types\/post"}],"author":[{"embeddable":true,"href":"https:\/\/www.enteratever.com\/2023\/wp-json\/wp\/v2\/users\/2"}],"replies":[{"embeddable":true,"href":"https:\/\/www.enteratever.com\/2023\/wp-json\/wp\/v2\/comments?post=212882"}],"version-history":[{"count":1,"href":"https:\/\/www.enteratever.com\/2023\/wp-json\/wp\/v2\/posts\/212882\/revisions"}],"predecessor-version":[{"id":212890,"href":"https:\/\/www.enteratever.com\/2023\/wp-json\/wp\/v2\/posts\/212882\/revisions\/212890"}],"wp:featuredmedia":[{"embeddable":true,"href":"https:\/\/www.enteratever.com\/2023\/wp-json\/wp\/v2\/media\/212888"}],"wp:attachment":[{"href":"https:\/\/www.enteratever.com\/2023\/wp-json\/wp\/v2\/media?parent=212882"}],"wp:term":[{"taxonomy":"category","embeddable":true,"href":"https:\/\/www.enteratever.com\/2023\/wp-json\/wp\/v2\/categories?post=212882"},{"taxonomy":"post_tag","embeddable":true,"href":"https:\/\/www.enteratever.com\/2023\/wp-json\/wp\/v2\/tags?post=212882"}],"curies":[{"name":"wp","href":"https:\/\/api.w.org\/{rel}","templated":true}]}}