{"id":212830,"date":"2024-07-08T16:47:08","date_gmt":"2024-07-08T22:47:08","guid":{"rendered":"https:\/\/www.enteratever.com\/2023\/?p=212830"},"modified":"2024-07-08T16:47:08","modified_gmt":"2024-07-08T22:47:08","slug":"rehabilitaran-el-gimnasio-municipal-de-poza-rica","status":"publish","type":"post","link":"https:\/\/www.enteratever.com\/2023\/2024\/07\/08\/rehabilitaran-el-gimnasio-municipal-de-poza-rica\/","title":{"rendered":"Rehabilitar\u00e1n el gimnasio municipal de Poza Rica"},"content":{"rendered":"<p>Visitas: 10<\/p><p>* 39 millones de pesos ser\u00e1n destinados para los trabajos de rehabilitaci\u00f3n.<\/p>\n<p>El alcalde Fernando Remes Garza anunci\u00f3 que a partir de este mi\u00e9rcoles comenzar\u00e1n los trabajos de rehabilitaci\u00f3n del Gimnasio Municipal \u201cMiguel Hidalgo\u201d, en donde se estar\u00e1n invirtiendo un total de 39 millones de pesos, recursos que son proporcionados por el Gobierno Estatal.<\/p>\n<p><strong><a href=\"https:\/\/www.enteratever.com\/2023\/buscan-la-rehabilitacion-del-gimnasio-municipal\/\">Tema relacionado: Buscan la rehabilitaci\u00f3n del Gimnasio municipal<\/a><\/strong><\/p>\n<p>La rehabilitaci\u00f3n constar\u00e1 en la reparaci\u00f3n de los aires acondicionados, as\u00ed como tambi\u00e9n la duela, sanitarios e infraestructura en general, pues estos ya ten\u00edan varios a\u00f1os y no se les hab\u00eda dado el mantenimiento adecuado, por lo que ahora contar\u00e1 con instalaciones de calidad.<br \/>\n<a href=\"http:\/\/x.com\/enteratevercom\"><img loading=\"lazy\" decoding=\"async\" class=\"aligncenter wp-image-212175 size-large\" src=\"https:\/\/www.enteratever.com\/2023\/wp-content\/uploads\/2024\/07\/anuncio-1024x169.png\" alt=\"\" width=\"696\" height=\"115\" srcset=\"https:\/\/www.enteratever.com\/2023\/wp-content\/uploads\/2024\/07\/anuncio-1024x169.png 1024w, https:\/\/www.enteratever.com\/2023\/wp-content\/uploads\/2024\/07\/anuncio-300x50.png 300w, https:\/\/www.enteratever.com\/2023\/wp-content\/uploads\/2024\/07\/anuncio-768x127.png 768w, https:\/\/www.enteratever.com\/2023\/wp-content\/uploads\/2024\/07\/anuncio-1536x254.png 1536w, https:\/\/www.enteratever.com\/2023\/wp-content\/uploads\/2024\/07\/anuncio-2048x338.png 2048w, https:\/\/www.enteratever.com\/2023\/wp-content\/uploads\/2024\/07\/anuncio-150x25.png 150w, https:\/\/www.enteratever.com\/2023\/wp-content\/uploads\/2024\/07\/anuncio-696x115.png 696w, https:\/\/www.enteratever.com\/2023\/wp-content\/uploads\/2024\/07\/anuncio-1068x176.png 1068w, https:\/\/www.enteratever.com\/2023\/wp-content\/uploads\/2024\/07\/anuncio-1920x317.png 1920w\" sizes=\"auto, (max-width: 696px) 100vw, 696px\" \/><\/a><\/p>\n<p>El alcalde destac\u00f3 que con esta rehabilitaci\u00f3n permitir\u00e1 que el Gimnasio Municipal podr\u00e1 seguir siendo sede de diferentes eventos deportivos, adem\u00e1s de que les brindar\u00e1 mejores instalaciones aquellos equipos que practican en este espacio, por lo que dijo que estas mejoras se buscaron por varios a\u00f1os.<\/p>\n<p><a href=\"https:\/\/www.enteratever.com\/2023\/wp-content\/uploads\/2024\/07\/locales_notas_72.jpeg\"><img loading=\"lazy\" decoding=\"async\" class=\"aligncenter size-large wp-image-212832\" src=\"https:\/\/www.enteratever.com\/2023\/wp-content\/uploads\/2024\/07\/locales_notas_72-1024x751.jpeg\" alt=\"\" width=\"696\" height=\"510\" srcset=\"https:\/\/www.enteratever.com\/2023\/wp-content\/uploads\/2024\/07\/locales_notas_72-1024x751.jpeg 1024w, https:\/\/www.enteratever.com\/2023\/wp-content\/uploads\/2024\/07\/locales_notas_72-300x220.jpeg 300w, https:\/\/www.enteratever.com\/2023\/wp-content\/uploads\/2024\/07\/locales_notas_72-768x563.jpeg 768w, https:\/\/www.enteratever.com\/2023\/wp-content\/uploads\/2024\/07\/locales_notas_72-573x420.jpeg 573w, https:\/\/www.enteratever.com\/2023\/wp-content\/uploads\/2024\/07\/locales_notas_72-80x60.jpeg 80w, https:\/\/www.enteratever.com\/2023\/wp-content\/uploads\/2024\/07\/locales_notas_72-150x110.jpeg 150w, https:\/\/www.enteratever.com\/2023\/wp-content\/uploads\/2024\/07\/locales_notas_72-696x510.jpeg 696w, https:\/\/www.enteratever.com\/2023\/wp-content\/uploads\/2024\/07\/locales_notas_72-1068x783.jpeg 1068w, https:\/\/www.enteratever.com\/2023\/wp-content\/uploads\/2024\/07\/locales_notas_72.jpeg 1200w\" sizes=\"auto, (max-width: 696px) 100vw, 696px\" \/><\/a><\/p>\n<p>Agradeci\u00f3 al titular de la Secretar\u00eda de Finanzas y Planeaci\u00f3n (SEFIPLAN), Jos\u00e9 Luis Lima Franco y al gobernador del Estado, Cuitl\u00e1huac Garc\u00eda Jim\u00e9nez, quienes se\u00f1al\u00f3 que son quienes los han apoyado para que el Gimnasio Municipal \u201cMiguel Hidalgo\u201d reciba el mantenimiento adecuado.<\/p>\n<p><strong><a href=\"https:\/\/www.enteratever.com\/2023\/veracruz-uno-de-los-estados-con-el-menor-tasa-de-desocupacion\/\">Noticias de Poza Rica: 9 de diciembre alcalde de Poza Rica rendir\u00e1 segundo informe de gobierno.<\/a><\/strong><\/p>\n<p>Cabe destacar que el a\u00f1o pasado fue el mismo titular de la SEFIPLAN quien anunci\u00f3 la rehabilitaci\u00f3n de este espacio, el cual a partir del pr\u00f3ximo martes estar\u00e1n iniciando los trabajos de las mejoras que se tiene contempladas, para este recinto que durante torneos congrega una gran cantidad de personas.<\/p>\n<p><a href=\"http:\/\/instagram.com\/enteratevercom\"><img loading=\"lazy\" decoding=\"async\" class=\"aligncenter wp-image-212690 size-large\" src=\"https:\/\/www.enteratever.com\/2023\/wp-content\/uploads\/2024\/07\/enteratevercom_qr-891x1024.png\" alt=\"\" width=\"696\" height=\"800\" srcset=\"https:\/\/www.enteratever.com\/2023\/wp-content\/uploads\/2024\/07\/enteratevercom_qr-891x1024.png 891w, https:\/\/www.enteratever.com\/2023\/wp-content\/uploads\/2024\/07\/enteratevercom_qr-261x300.png 261w, https:\/\/www.enteratever.com\/2023\/wp-content\/uploads\/2024\/07\/enteratevercom_qr-768x882.png 768w, https:\/\/www.enteratever.com\/2023\/wp-content\/uploads\/2024\/07\/enteratevercom_qr-1337x1536.png 1337w, https:\/\/www.enteratever.com\/2023\/wp-content\/uploads\/2024\/07\/enteratevercom_qr-1783x2048.png 1783w, https:\/\/www.enteratever.com\/2023\/wp-content\/uploads\/2024\/07\/enteratevercom_qr-366x420.png 366w, https:\/\/www.enteratever.com\/2023\/wp-content\/uploads\/2024\/07\/enteratevercom_qr-150x172.png 150w, https:\/\/www.enteratever.com\/2023\/wp-content\/uploads\/2024\/07\/enteratevercom_qr-300x345.png 300w, https:\/\/www.enteratever.com\/2023\/wp-content\/uploads\/2024\/07\/enteratevercom_qr-696x800.png 696w, https:\/\/www.enteratever.com\/2023\/wp-content\/uploads\/2024\/07\/enteratevercom_qr-1068x1227.png 1068w, https:\/\/www.enteratever.com\/2023\/wp-content\/uploads\/2024\/07\/enteratevercom_qr-1920x2206.png 1920w\" sizes=\"auto, (max-width: 696px) 100vw, 696px\" \/><\/a><\/p>\n","protected":false},"excerpt":{"rendered":"<p>La rehabilitaci\u00f3n constar\u00e1 en la reparaci\u00f3n de los aires acondicionados, as\u00ed como tambi\u00e9n la duela, sanitarios e infraestructura en general<\/p>\n","protected":false},"author":4,"featured_media":212833,"comment_status":"open","ping_status":"open","sticky":false,"template":"","format":"standard","meta":{"footnotes":""},"categories":[299,213,219],"tags":[41,17],"class_list":{"0":"post-212830","1":"post","2":"type-post","3":"status-publish","4":"format-standard","5":"has-post-thumbnail","7":"category-notas-locales","8":"category-poza-rica","9":"category-zona-norte","10":"tag-portada","11":"tag-poza-rica"},"nelio_content":{"isAutoShareEnabled":true,"autoShareEndMode":"never","automationSources":{"useCustomSentences":false,"customSentences":[]},"followers":[7,4],"suggestedReferences":[],"efiUrl":"","efiAlt":"","highlights":[],"permalinkQueryArgs":[],"series":[]},"_links":{"self":[{"href":"https:\/\/www.enteratever.com\/2023\/wp-json\/wp\/v2\/posts\/212830","targetHints":{"allow":["GET"]}}],"collection":[{"href":"https:\/\/www.enteratever.com\/2023\/wp-json\/wp\/v2\/posts"}],"about":[{"href":"https:\/\/www.enteratever.com\/2023\/wp-json\/wp\/v2\/types\/post"}],"author":[{"embeddable":true,"href":"https:\/\/www.enteratever.com\/2023\/wp-json\/wp\/v2\/users\/4"}],"replies":[{"embeddable":true,"href":"https:\/\/www.enteratever.com\/2023\/wp-json\/wp\/v2\/comments?post=212830"}],"version-history":[{"count":1,"href":"https:\/\/www.enteratever.com\/2023\/wp-json\/wp\/v2\/posts\/212830\/revisions"}],"predecessor-version":[{"id":212834,"href":"https:\/\/www.enteratever.com\/2023\/wp-json\/wp\/v2\/posts\/212830\/revisions\/212834"}],"wp:featuredmedia":[{"embeddable":true,"href":"https:\/\/www.enteratever.com\/2023\/wp-json\/wp\/v2\/media\/212833"}],"wp:attachment":[{"href":"https:\/\/www.enteratever.com\/2023\/wp-json\/wp\/v2\/media?parent=212830"}],"wp:term":[{"taxonomy":"category","embeddable":true,"href":"https:\/\/www.enteratever.com\/2023\/wp-json\/wp\/v2\/categories?post=212830"},{"taxonomy":"post_tag","embeddable":true,"href":"https:\/\/www.enteratever.com\/2023\/wp-json\/wp\/v2\/tags?post=212830"}],"curies":[{"name":"wp","href":"https:\/\/api.w.org\/{rel}","templated":true}]}}