{"id":212780,"date":"2024-07-08T08:56:46","date_gmt":"2024-07-08T14:56:46","guid":{"rendered":"https:\/\/www.enteratever.com\/2023\/?p=212780"},"modified":"2024-07-08T08:56:46","modified_gmt":"2024-07-08T14:56:46","slug":"foros-nacionales-desmienten-mitos-sobre-la-reforma-al-poder-judicial-ignacio-mier","status":"publish","type":"post","link":"https:\/\/www.enteratever.com\/2023\/2024\/07\/08\/foros-nacionales-desmienten-mitos-sobre-la-reforma-al-poder-judicial-ignacio-mier\/","title":{"rendered":"Foros nacionales desmienten mitos sobre la reforma al Poder Judicial: Ignacio Mier"},"content":{"rendered":"<p>Visitas: 3<\/p><p>El diputado Ignacio Mier Velazco, coordinador del Grupo Parlamentario de Morena, asegur\u00f3 que los foros nacionales sobre la reforma al Poder Judicial de la Federaci\u00f3n han desmentido los mitos en torno a la propuesta del presidente Andr\u00e9s Manuel L\u00f3pez Obrador. <\/p>\n<p>En un comunicado destac\u00f3 que Claudia Sheinbaum Pardo, virtual presidenta electa, ha estado involucrada en el an\u00e1lisis de esta reforma y en contacto constante con las y los legisladores, adem\u00e1s de que solicit\u00f3 ampliar el Parlamento Abierto para aclarar dudas y mitos.<\/p>\n<p>Estos di\u00e1logos han revelado la realidad de la justicia en M\u00e9xico, donde las c\u00e1rceles est\u00e1n llenas de inocentes y las calles de delincuentes, criticando la falta de buen juicio por parte de algunos jueces, afirm\u00f3 Mier Velazco.<\/p>\n<p>Desminti\u00f3 que los integrantes del Poder Judicial se oponen a la reforma, y neg\u00f3 que estos cambios al marco jur\u00eddico provoquen una par\u00e1lisis en el sistema judicial, ya que tendr\u00e1 una transici\u00f3n ordenada.<\/p>\n<p>Otro mito derrumbado, seg\u00fan el diputado, es la p\u00e9rdida de derechos de las y los trabajadores. Asegur\u00f3 que todos los derechos adquiridos ser\u00e1n garantizados y respetados, y se impulsar\u00e1 la carrera judicial para que el personal capacitado pueda aspirar a ser jueces sin necesidad de padrinos pol\u00edticos.<\/p>\n<p>Mier Velazco anunci\u00f3 la continuidad de los di\u00e1logos para revisar tambi\u00e9n los poderes judiciales en los estados, como en Puebla, que ser\u00e1 sede de un foro importante aprobado por la virtual presidenta electa.<\/p>\n<p><a href=\"http:\/\/fb.com\/enteratevercom\"><img loading=\"lazy\" decoding=\"async\" class=\"aligncenter wp-image-212175 size-full\" src=\"https:\/\/www.enteratever.com\/2023\/wp-content\/uploads\/2024\/07\/anuncio.png\" alt=\"\" width=\"2560\" height=\"423\" srcset=\"https:\/\/www.enteratever.com\/2023\/wp-content\/uploads\/2024\/07\/anuncio.png 2560w, https:\/\/www.enteratever.com\/2023\/wp-content\/uploads\/2024\/07\/anuncio-300x50.png 300w, https:\/\/www.enteratever.com\/2023\/wp-content\/uploads\/2024\/07\/anuncio-1024x169.png 1024w, https:\/\/www.enteratever.com\/2023\/wp-content\/uploads\/2024\/07\/anuncio-768x127.png 768w, https:\/\/www.enteratever.com\/2023\/wp-content\/uploads\/2024\/07\/anuncio-1536x254.png 1536w, https:\/\/www.enteratever.com\/2023\/wp-content\/uploads\/2024\/07\/anuncio-2048x338.png 2048w, https:\/\/www.enteratever.com\/2023\/wp-content\/uploads\/2024\/07\/anuncio-150x25.png 150w, https:\/\/www.enteratever.com\/2023\/wp-content\/uploads\/2024\/07\/anuncio-696x115.png 696w, https:\/\/www.enteratever.com\/2023\/wp-content\/uploads\/2024\/07\/anuncio-1068x176.png 1068w, https:\/\/www.enteratever.com\/2023\/wp-content\/uploads\/2024\/07\/anuncio-1920x317.png 1920w\" sizes=\"auto, (max-width: 2560px) 100vw, 2560px\" \/><\/a><\/p>\n<p><a href=\"https:\/\/www.instagram.com\/enteratevercom\"><img loading=\"lazy\" decoding=\"async\" class=\"aligncenter wp-image-212690 size-large\" src=\"https:\/\/www.enteratever.com\/2023\/wp-content\/uploads\/2024\/07\/enteratevercom_qr-891x1024.png\" alt=\"\" width=\"696\" height=\"800\" srcset=\"https:\/\/www.enteratever.com\/2023\/wp-content\/uploads\/2024\/07\/enteratevercom_qr-891x1024.png 891w, https:\/\/www.enteratever.com\/2023\/wp-content\/uploads\/2024\/07\/enteratevercom_qr-261x300.png 261w, https:\/\/www.enteratever.com\/2023\/wp-content\/uploads\/2024\/07\/enteratevercom_qr-768x882.png 768w, https:\/\/www.enteratever.com\/2023\/wp-content\/uploads\/2024\/07\/enteratevercom_qr-1337x1536.png 1337w, https:\/\/www.enteratever.com\/2023\/wp-content\/uploads\/2024\/07\/enteratevercom_qr-1783x2048.png 1783w, https:\/\/www.enteratever.com\/2023\/wp-content\/uploads\/2024\/07\/enteratevercom_qr-366x420.png 366w, https:\/\/www.enteratever.com\/2023\/wp-content\/uploads\/2024\/07\/enteratevercom_qr-150x172.png 150w, https:\/\/www.enteratever.com\/2023\/wp-content\/uploads\/2024\/07\/enteratevercom_qr-300x345.png 300w, https:\/\/www.enteratever.com\/2023\/wp-content\/uploads\/2024\/07\/enteratevercom_qr-696x800.png 696w, https:\/\/www.enteratever.com\/2023\/wp-content\/uploads\/2024\/07\/enteratevercom_qr-1068x1227.png 1068w, https:\/\/www.enteratever.com\/2023\/wp-content\/uploads\/2024\/07\/enteratevercom_qr-1920x2206.png 1920w\" sizes=\"auto, (max-width: 696px) 100vw, 696px\" \/><\/a><\/p>\n","protected":false},"excerpt":{"rendered":"<p>Visitas: 3El diputado Ignacio Mier Velazco, coordinador del Grupo Parlamentario de Morena, asegur\u00f3 que los foros nacionales sobre la reforma al Poder Judicial de la Federaci\u00f3n han desmentido los mitos en torno a la propuesta del presidente Andr\u00e9s Manuel L\u00f3pez Obrador. En un comunicado destac\u00f3 que Claudia Sheinbaum Pardo, virtual presidenta electa, ha estado involucrada [&hellip;]<\/p>\n","protected":false},"author":2,"featured_media":212788,"comment_status":"open","ping_status":"open","sticky":false,"template":"","format":"standard","meta":{"footnotes":""},"categories":[252],"tags":[303],"class_list":{"0":"post-212780","1":"post","2":"type-post","3":"status-publish","4":"format-standard","5":"has-post-thumbnail","7":"category-nacionales","8":"tag-camara-de-diputados"},"nelio_content":{"isAutoShareEnabled":true,"autoShareEndMode":"never","automationSources":{"useCustomSentences":false,"customSentences":[]},"followers":[7,2],"suggestedReferences":[],"efiUrl":"","efiAlt":"","highlights":[],"permalinkQueryArgs":[],"series":[]},"_links":{"self":[{"href":"https:\/\/www.enteratever.com\/2023\/wp-json\/wp\/v2\/posts\/212780","targetHints":{"allow":["GET"]}}],"collection":[{"href":"https:\/\/www.enteratever.com\/2023\/wp-json\/wp\/v2\/posts"}],"about":[{"href":"https:\/\/www.enteratever.com\/2023\/wp-json\/wp\/v2\/types\/post"}],"author":[{"embeddable":true,"href":"https:\/\/www.enteratever.com\/2023\/wp-json\/wp\/v2\/users\/2"}],"replies":[{"embeddable":true,"href":"https:\/\/www.enteratever.com\/2023\/wp-json\/wp\/v2\/comments?post=212780"}],"version-history":[{"count":2,"href":"https:\/\/www.enteratever.com\/2023\/wp-json\/wp\/v2\/posts\/212780\/revisions"}],"predecessor-version":[{"id":212794,"href":"https:\/\/www.enteratever.com\/2023\/wp-json\/wp\/v2\/posts\/212780\/revisions\/212794"}],"wp:featuredmedia":[{"embeddable":true,"href":"https:\/\/www.enteratever.com\/2023\/wp-json\/wp\/v2\/media\/212788"}],"wp:attachment":[{"href":"https:\/\/www.enteratever.com\/2023\/wp-json\/wp\/v2\/media?parent=212780"}],"wp:term":[{"taxonomy":"category","embeddable":true,"href":"https:\/\/www.enteratever.com\/2023\/wp-json\/wp\/v2\/categories?post=212780"},{"taxonomy":"post_tag","embeddable":true,"href":"https:\/\/www.enteratever.com\/2023\/wp-json\/wp\/v2\/tags?post=212780"}],"curies":[{"name":"wp","href":"https:\/\/api.w.org\/{rel}","templated":true}]}}