{"id":212560,"date":"2024-07-05T10:03:50","date_gmt":"2024-07-05T16:03:50","guid":{"rendered":"https:\/\/www.enteratever.com\/2023\/?p=212560"},"modified":"2024-07-05T13:16:31","modified_gmt":"2024-07-05T19:16:31","slug":"entrega-ayuntamiento-de-cordoba-apoyos-a-familias-afectadas-por-las-lluvias","status":"publish","type":"post","link":"https:\/\/www.enteratever.com\/2023\/2024\/07\/05\/entrega-ayuntamiento-de-cordoba-apoyos-a-familias-afectadas-por-las-lluvias\/","title":{"rendered":"Entrega ayuntamiento de C\u00f3rdoba apoyos a familias afectadas por las lluvias"},"content":{"rendered":"<p>Visitas: 0<\/p><p>El ayuntamiento de C\u00f3rdoba a trav\u00e9s de la Direcci\u00f3n de Desarrollo Social en coordinaci\u00f3n con el DIF municipal, hicieron entrega de apoyos diversos y atados de l\u00e1mina de zinc a familias de diferentes colonias de C\u00f3rdoba, las cuales vieron afectadas sus viviendas por las lluvias de los \u00faltimos d\u00edas.<\/p>\n<p><a href=\"https:\/\/www.enteratever.com\/2023\/wp-content\/uploads\/2024\/07\/imagen_2024-07-05_105756453.png\" rel=\"attachment wp-att-212565\"><img loading=\"lazy\" decoding=\"async\" class=\"aligncenter wp-image-212565 size-full\" src=\"https:\/\/www.enteratever.com\/2023\/wp-content\/uploads\/2024\/07\/imagen_2024-07-05_105756453.png\" alt=\"\" width=\"1600\" height=\"1200\" srcset=\"https:\/\/www.enteratever.com\/2023\/wp-content\/uploads\/2024\/07\/imagen_2024-07-05_105756453.png 1600w, https:\/\/www.enteratever.com\/2023\/wp-content\/uploads\/2024\/07\/imagen_2024-07-05_105756453-300x225.png 300w, https:\/\/www.enteratever.com\/2023\/wp-content\/uploads\/2024\/07\/imagen_2024-07-05_105756453-1024x768.png 1024w, https:\/\/www.enteratever.com\/2023\/wp-content\/uploads\/2024\/07\/imagen_2024-07-05_105756453-768x576.png 768w, https:\/\/www.enteratever.com\/2023\/wp-content\/uploads\/2024\/07\/imagen_2024-07-05_105756453-1536x1152.png 1536w, https:\/\/www.enteratever.com\/2023\/wp-content\/uploads\/2024\/07\/imagen_2024-07-05_105756453-560x420.png 560w, https:\/\/www.enteratever.com\/2023\/wp-content\/uploads\/2024\/07\/imagen_2024-07-05_105756453-80x60.png 80w, https:\/\/www.enteratever.com\/2023\/wp-content\/uploads\/2024\/07\/imagen_2024-07-05_105756453-150x113.png 150w, https:\/\/www.enteratever.com\/2023\/wp-content\/uploads\/2024\/07\/imagen_2024-07-05_105756453-696x522.png 696w, https:\/\/www.enteratever.com\/2023\/wp-content\/uploads\/2024\/07\/imagen_2024-07-05_105756453-1068x801.png 1068w, https:\/\/www.enteratever.com\/2023\/wp-content\/uploads\/2024\/07\/imagen_2024-07-05_105756453-265x198.png 265w\" sizes=\"auto, (max-width: 1600px) 100vw, 1600px\" \/><\/a><\/p>\n<p>Daniel Hern\u00e1ndez del \u00c1ngel, director de Desarrollo Social, dijo que esta entrega es en respuesta a las solicitudes de algunas familias que en d\u00edas pasados hicieron su petici\u00f3n de apoyos de material para reparar sus viviendas, \u201cla instrucci\u00f3n del alcalde Juan Mart\u00ednez va en el sentido de ayudarles a mitigar los da\u00f1os y contribuir con su econom\u00eda entreg\u00e1ndoles materiales que les ayude a la reconstrucci\u00f3n de sus viviendas, puesto que el pron\u00f3stico del estado del tiempo indica que continuar\u00e1n las precipitaciones pluviales en los siguientes d\u00edas\u201d.<\/p>\n<p><a href=\"https:\/\/www.facebook.com\/enteratevercom\" rel=\"attachment wp-att-212175\"><img loading=\"lazy\" decoding=\"async\" class=\"aligncenter wp-image-212175 size-full\" src=\"https:\/\/www.enteratever.com\/2023\/wp-content\/uploads\/2024\/07\/anuncio.png\" alt=\"\" width=\"2560\" height=\"423\" srcset=\"https:\/\/www.enteratever.com\/2023\/wp-content\/uploads\/2024\/07\/anuncio.png 2560w, https:\/\/www.enteratever.com\/2023\/wp-content\/uploads\/2024\/07\/anuncio-300x50.png 300w, https:\/\/www.enteratever.com\/2023\/wp-content\/uploads\/2024\/07\/anuncio-1024x169.png 1024w, https:\/\/www.enteratever.com\/2023\/wp-content\/uploads\/2024\/07\/anuncio-768x127.png 768w, https:\/\/www.enteratever.com\/2023\/wp-content\/uploads\/2024\/07\/anuncio-1536x254.png 1536w, https:\/\/www.enteratever.com\/2023\/wp-content\/uploads\/2024\/07\/anuncio-2048x338.png 2048w, https:\/\/www.enteratever.com\/2023\/wp-content\/uploads\/2024\/07\/anuncio-150x25.png 150w, https:\/\/www.enteratever.com\/2023\/wp-content\/uploads\/2024\/07\/anuncio-696x115.png 696w, https:\/\/www.enteratever.com\/2023\/wp-content\/uploads\/2024\/07\/anuncio-1068x176.png 1068w, https:\/\/www.enteratever.com\/2023\/wp-content\/uploads\/2024\/07\/anuncio-1920x317.png 1920w\" sizes=\"auto, (max-width: 2560px) 100vw, 2560px\" \/><\/a><\/p>\n<p>En esta gira de entregas participaron Vania L\u00f3pez Gonz\u00e1lez, s\u00edndica municipal; Mar\u00eda Elena Yunes Choperena, directora del DIF municipal; Daniel Hern\u00e1ndez del \u00c1ngel, director de Desarrollo Social; Sandra D\u00edaz Garc\u00eda, coordinadora de Trabajo Social; y Teresita Guzm\u00e1n G\u00e1mez, del Departamento de Atenci\u00f3n Ciudadana.<\/p>\n","protected":false},"excerpt":{"rendered":"<p>El ayuntamiento de C\u00f3rdoba a trav\u00e9s de la Direcci\u00f3n de Desarrollo Social en coordinaci\u00f3n con el DIF municipal<\/p>\n","protected":false},"author":2,"featured_media":212566,"comment_status":"open","ping_status":"open","sticky":false,"template":"","format":"standard","meta":{"footnotes":""},"categories":[239,236],"tags":[248],"class_list":{"0":"post-212560","1":"post","2":"type-post","3":"status-publish","4":"format-standard","5":"has-post-thumbnail","7":"category-cordoba","8":"category-zona-centro","9":"tag-cordoba"},"nelio_content":{"isAutoShareEnabled":true,"autoShareEndMode":"never","automationSources":{"useCustomSentences":false,"customSentences":[]},"followers":[7,2],"suggestedReferences":[],"efiUrl":"","efiAlt":"","highlights":[],"permalinkQueryArgs":[],"series":[]},"_links":{"self":[{"href":"https:\/\/www.enteratever.com\/2023\/wp-json\/wp\/v2\/posts\/212560","targetHints":{"allow":["GET"]}}],"collection":[{"href":"https:\/\/www.enteratever.com\/2023\/wp-json\/wp\/v2\/posts"}],"about":[{"href":"https:\/\/www.enteratever.com\/2023\/wp-json\/wp\/v2\/types\/post"}],"author":[{"embeddable":true,"href":"https:\/\/www.enteratever.com\/2023\/wp-json\/wp\/v2\/users\/2"}],"replies":[{"embeddable":true,"href":"https:\/\/www.enteratever.com\/2023\/wp-json\/wp\/v2\/comments?post=212560"}],"version-history":[{"count":4,"href":"https:\/\/www.enteratever.com\/2023\/wp-json\/wp\/v2\/posts\/212560\/revisions"}],"predecessor-version":[{"id":212573,"href":"https:\/\/www.enteratever.com\/2023\/wp-json\/wp\/v2\/posts\/212560\/revisions\/212573"}],"wp:featuredmedia":[{"embeddable":true,"href":"https:\/\/www.enteratever.com\/2023\/wp-json\/wp\/v2\/media\/212566"}],"wp:attachment":[{"href":"https:\/\/www.enteratever.com\/2023\/wp-json\/wp\/v2\/media?parent=212560"}],"wp:term":[{"taxonomy":"category","embeddable":true,"href":"https:\/\/www.enteratever.com\/2023\/wp-json\/wp\/v2\/categories?post=212560"},{"taxonomy":"post_tag","embeddable":true,"href":"https:\/\/www.enteratever.com\/2023\/wp-json\/wp\/v2\/tags?post=212560"}],"curies":[{"name":"wp","href":"https:\/\/api.w.org\/{rel}","templated":true}]}}