{"id":212374,"date":"2024-07-03T12:05:43","date_gmt":"2024-07-03T18:05:43","guid":{"rendered":"https:\/\/www.enteratever.com\/2023\/?p=212374"},"modified":"2024-07-03T12:05:43","modified_gmt":"2024-07-03T18:05:43","slug":"ya-hay-fecha-para-el-festival-del-globo-en-zozocolco","status":"publish","type":"post","link":"https:\/\/www.enteratever.com\/2023\/2024\/07\/03\/ya-hay-fecha-para-el-festival-del-globo-en-zozocolco\/","title":{"rendered":"Ya hay fecha para el Festival del Globo en Zozocolco"},"content":{"rendered":"<p>Visitas: 39<\/p><p>Nuevamente el municipio serrano de Zozocolco, en el Totonacapan, se prepara para una de sus mas grandes festividades, el festival del globo del cual ya hay fecha para su pr\u00f3xima edici\u00f3n.<\/p>\n<p>Fue durante este d\u00eda mi\u00e9rcoles que el alcalde de este lugar mediante un rueda de prensa, dio a conocer la fecha exacta de la edici\u00f3n 2024 que se efectuar\u00e1 los d\u00edas ocho, nueve y diez de noviembre .<\/p>\n<p>Adem\u00e1s se di\u00f3 a conocer que durante esta edici\u00f3n estar\u00e1n participando pa\u00edses como Brazil y Colombia .<\/p>\n<p><img loading=\"lazy\" decoding=\"async\" src=\"https:\/\/www.enteratever.com\/2023\/wp-content\/uploads\/2024\/07\/locales_notas_22-300x298.jpeg\" alt=\"\" width=\"300\" height=\"298\" class=\"alignnone size-medium wp-image-212377\" srcset=\"https:\/\/www.enteratever.com\/2023\/wp-content\/uploads\/2024\/07\/locales_notas_22-300x298.jpeg 300w, https:\/\/www.enteratever.com\/2023\/wp-content\/uploads\/2024\/07\/locales_notas_22-150x149.jpeg 150w, https:\/\/www.enteratever.com\/2023\/wp-content\/uploads\/2024\/07\/locales_notas_22-422x420.jpeg 422w, https:\/\/www.enteratever.com\/2023\/wp-content\/uploads\/2024\/07\/locales_notas_22-696x692.jpeg 696w, https:\/\/www.enteratever.com\/2023\/wp-content\/uploads\/2024\/07\/locales_notas_22.jpeg 720w\" sizes=\"auto, (max-width: 300px) 100vw, 300px\" \/><\/p>\n<p>Aunque a\u00fan faltan cuatro meses para el evento se espera que este tiempo se realice una magna invitaci\u00f3n al turismo nacional y extranjero a visitar Zozocolco uno de los municipios que tambi\u00e9n formar parte de los pueblos m\u00e1gicos de Veracruz.<\/p>\n<p><img loading=\"lazy\" decoding=\"async\" src=\"https:\/\/www.enteratever.com\/2023\/wp-content\/uploads\/2024\/07\/WhatsApp-Image-2024-07-03-at-12.58.26-PM-200x300.jpeg\" alt=\"\" width=\"200\" height=\"300\" class=\"alignnone size-medium wp-image-212376\" srcset=\"https:\/\/www.enteratever.com\/2023\/wp-content\/uploads\/2024\/07\/WhatsApp-Image-2024-07-03-at-12.58.26-PM-200x300.jpeg 200w, https:\/\/www.enteratever.com\/2023\/wp-content\/uploads\/2024\/07\/WhatsApp-Image-2024-07-03-at-12.58.26-PM-683x1024.jpeg 683w, https:\/\/www.enteratever.com\/2023\/wp-content\/uploads\/2024\/07\/WhatsApp-Image-2024-07-03-at-12.58.26-PM-280x420.jpeg 280w, https:\/\/www.enteratever.com\/2023\/wp-content\/uploads\/2024\/07\/WhatsApp-Image-2024-07-03-at-12.58.26-PM-150x225.jpeg 150w, https:\/\/www.enteratever.com\/2023\/wp-content\/uploads\/2024\/07\/WhatsApp-Image-2024-07-03-at-12.58.26-PM-300x450.jpeg 300w, https:\/\/www.enteratever.com\/2023\/wp-content\/uploads\/2024\/07\/WhatsApp-Image-2024-07-03-at-12.58.26-PM-696x1043.jpeg 696w, https:\/\/www.enteratever.com\/2023\/wp-content\/uploads\/2024\/07\/WhatsApp-Image-2024-07-03-at-12.58.26-PM.jpeg 720w\" sizes=\"auto, (max-width: 200px) 100vw, 200px\" \/><\/p>\n","protected":false},"excerpt":{"rendered":"<p>Visitas: 39Nuevamente el municipio serrano de Zozocolco, en el Totonacapan, se prepara para una de sus mas grandes festividades, el festival del globo del cual ya hay fecha para su pr\u00f3xima edici\u00f3n. Fue durante este d\u00eda mi\u00e9rcoles que el alcalde de este lugar mediante un rueda de prensa, dio a conocer la fecha exacta de [&hellip;]<\/p>\n","protected":false},"author":3,"featured_media":212378,"comment_status":"open","ping_status":"open","sticky":false,"template":"","format":"standard","meta":{"footnotes":""},"categories":[299,215,219],"tags":[41],"class_list":{"0":"post-212374","1":"post","2":"type-post","3":"status-publish","4":"format-standard","5":"has-post-thumbnail","7":"category-notas-locales","8":"category-papantla","9":"category-zona-norte","10":"tag-portada"},"nelio_content":{"isAutoShareEnabled":true,"autoShareEndMode":"never","automationSources":{"useCustomSentences":false,"customSentences":[]},"followers":[],"suggestedReferences":[],"efiUrl":"","efiAlt":"","highlights":[],"permalinkQueryArgs":[],"series":[]},"_links":{"self":[{"href":"https:\/\/www.enteratever.com\/2023\/wp-json\/wp\/v2\/posts\/212374","targetHints":{"allow":["GET"]}}],"collection":[{"href":"https:\/\/www.enteratever.com\/2023\/wp-json\/wp\/v2\/posts"}],"about":[{"href":"https:\/\/www.enteratever.com\/2023\/wp-json\/wp\/v2\/types\/post"}],"author":[{"embeddable":true,"href":"https:\/\/www.enteratever.com\/2023\/wp-json\/wp\/v2\/users\/3"}],"replies":[{"embeddable":true,"href":"https:\/\/www.enteratever.com\/2023\/wp-json\/wp\/v2\/comments?post=212374"}],"version-history":[{"count":1,"href":"https:\/\/www.enteratever.com\/2023\/wp-json\/wp\/v2\/posts\/212374\/revisions"}],"predecessor-version":[{"id":212379,"href":"https:\/\/www.enteratever.com\/2023\/wp-json\/wp\/v2\/posts\/212374\/revisions\/212379"}],"wp:featuredmedia":[{"embeddable":true,"href":"https:\/\/www.enteratever.com\/2023\/wp-json\/wp\/v2\/media\/212378"}],"wp:attachment":[{"href":"https:\/\/www.enteratever.com\/2023\/wp-json\/wp\/v2\/media?parent=212374"}],"wp:term":[{"taxonomy":"category","embeddable":true,"href":"https:\/\/www.enteratever.com\/2023\/wp-json\/wp\/v2\/categories?post=212374"},{"taxonomy":"post_tag","embeddable":true,"href":"https:\/\/www.enteratever.com\/2023\/wp-json\/wp\/v2\/tags?post=212374"}],"curies":[{"name":"wp","href":"https:\/\/api.w.org\/{rel}","templated":true}]}}