{"id":212296,"date":"2024-07-02T18:17:53","date_gmt":"2024-07-03T00:17:53","guid":{"rendered":"https:\/\/www.enteratever.com\/2023\/?p=212296"},"modified":"2024-07-02T18:17:53","modified_gmt":"2024-07-03T00:17:53","slug":"comienza-pago-de-adultos-mayores-en-coxquihui","status":"publish","type":"post","link":"https:\/\/www.enteratever.com\/2023\/2024\/07\/02\/comienza-pago-de-adultos-mayores-en-coxquihui\/","title":{"rendered":"Comienza pago de adultos mayores en Coxquihui"},"content":{"rendered":"<p>Visitas: 1<\/p><p>Beneficiarios del programa de adultos mayores del municipio de Coxquihui en la sierra del totonacapan comenzaron a cobrar su pensi\u00f3n, muchos de los beneficiarios acompa\u00f1ados de sus familiares.<\/p>\n<p>El d\u00eda de lunes primero de julio se reanud\u00f3 el pago de los programas del Bienestar, d\u00f3nde adem\u00e1s de adultos personas con discapacidad e hijos de madres trabajadoras nuevamente recibir\u00e1n los pagos correspondientes luego del paso de la temporada electoral.<\/p>\n<p>Dichos trabajos de entrega concluir\u00e1 el diecinueve de julio; cabe se\u00f1alar que cada persona de la tercera edad recibir\u00e1 6 mil pesos del bimestre julio-agosto.<\/p>\n","protected":false},"excerpt":{"rendered":"<p>Visitas: 1Beneficiarios del programa de adultos mayores del municipio de Coxquihui en la sierra del totonacapan comenzaron a cobrar su pensi\u00f3n, muchos de los beneficiarios acompa\u00f1ados de sus familiares. El d\u00eda de lunes primero de julio se reanud\u00f3 el pago de los programas del Bienestar, d\u00f3nde adem\u00e1s de adultos personas con discapacidad e hijos de [&hellip;]<\/p>\n","protected":false},"author":3,"featured_media":212298,"comment_status":"open","ping_status":"open","sticky":false,"template":"","format":"standard","meta":{"footnotes":""},"categories":[299,215,219],"tags":[41],"class_list":{"0":"post-212296","1":"post","2":"type-post","3":"status-publish","4":"format-standard","5":"has-post-thumbnail","7":"category-notas-locales","8":"category-papantla","9":"category-zona-norte","10":"tag-portada"},"nelio_content":{"isAutoShareEnabled":true,"autoShareEndMode":"never","automationSources":{"useCustomSentences":false,"customSentences":[]},"followers":[],"suggestedReferences":[],"efiUrl":"","efiAlt":"","highlights":[],"permalinkQueryArgs":[],"series":[]},"_links":{"self":[{"href":"https:\/\/www.enteratever.com\/2023\/wp-json\/wp\/v2\/posts\/212296","targetHints":{"allow":["GET"]}}],"collection":[{"href":"https:\/\/www.enteratever.com\/2023\/wp-json\/wp\/v2\/posts"}],"about":[{"href":"https:\/\/www.enteratever.com\/2023\/wp-json\/wp\/v2\/types\/post"}],"author":[{"embeddable":true,"href":"https:\/\/www.enteratever.com\/2023\/wp-json\/wp\/v2\/users\/3"}],"replies":[{"embeddable":true,"href":"https:\/\/www.enteratever.com\/2023\/wp-json\/wp\/v2\/comments?post=212296"}],"version-history":[{"count":1,"href":"https:\/\/www.enteratever.com\/2023\/wp-json\/wp\/v2\/posts\/212296\/revisions"}],"predecessor-version":[{"id":212299,"href":"https:\/\/www.enteratever.com\/2023\/wp-json\/wp\/v2\/posts\/212296\/revisions\/212299"}],"wp:featuredmedia":[{"embeddable":true,"href":"https:\/\/www.enteratever.com\/2023\/wp-json\/wp\/v2\/media\/212298"}],"wp:attachment":[{"href":"https:\/\/www.enteratever.com\/2023\/wp-json\/wp\/v2\/media?parent=212296"}],"wp:term":[{"taxonomy":"category","embeddable":true,"href":"https:\/\/www.enteratever.com\/2023\/wp-json\/wp\/v2\/categories?post=212296"},{"taxonomy":"post_tag","embeddable":true,"href":"https:\/\/www.enteratever.com\/2023\/wp-json\/wp\/v2\/tags?post=212296"}],"curies":[{"name":"wp","href":"https:\/\/api.w.org\/{rel}","templated":true}]}}