{"id":211299,"date":"2024-06-17T10:38:58","date_gmt":"2024-06-17T16:38:58","guid":{"rendered":"https:\/\/www.enteratever.com\/2023\/?p=211299"},"modified":"2024-06-17T10:38:58","modified_gmt":"2024-06-17T16:38:58","slug":"falso-que-el-inah-obstaculice-la-rehabilitacion-del-centro-historico-de-veracruz","status":"publish","type":"post","link":"https:\/\/www.enteratever.com\/2023\/2024\/06\/17\/falso-que-el-inah-obstaculice-la-rehabilitacion-del-centro-historico-de-veracruz\/","title":{"rendered":"Falso que el INAH obstaculice la rehabilitaci\u00f3n del Centro Hist\u00f3rico de Veracruz"},"content":{"rendered":"<p>Visitas: 6<\/p><p>Veracruz, Ver.- Respecto a las declaraciones vertidas en medios de comunicaci\u00f3n locales, tocantes a una supuesta postura de la Secretar\u00eda de Cultura del Gobierno de M\u00e9xico y del Instituto Nacional de Antropolog\u00eda e Historia (INAH) para obstaculizar la rehabilitaci\u00f3n del centro hist\u00f3rico de esta ciudad, se aclara lo siguiente:<\/p>\n<p>El propietario del inmueble denominado \u2018Astur\u2019, ubicado en la calle Miguel Lerdo de Tejada y en cuya planta baja est\u00e1 el Caf\u00e9 El Alba, inici\u00f3 trabajos de adecuaci\u00f3n en diciembre de 2022, sin ingresar previamente al Centro INAH Veracruz la solicitud de autorizaci\u00f3n correspondiente a su proyecto, en t\u00e9rminos de la normatividad aplicable.<\/p>\n<p>Por esta raz\u00f3n, el instituto procedi\u00f3 a suspender la obra y exhortar a los interesados a regularizar su tr\u00e1mite, a fin de que la intervenci\u00f3n propuesta pudiera integrarse al contexto hist\u00f3rico-arquitect\u00f3nico inmediato, ya que su ubicaci\u00f3n est\u00e1 muy pr\u00f3xima a monumentos altamente relevantes para el patrimonio cultural edificado de la ciudad y el puerto de Veracruz, como es la Catedral de Nuestra Se\u00f1ora de la Asunci\u00f3n.<\/p>\n<p>El lunes 5 de junio de 2023, autoridades del Centro INAH Veracruz sostuvieron reuni\u00f3n con personal de la Direcci\u00f3n General de Obras P\u00fablicas y Desarrollo Urbano del Ayuntamiento de Veracruz, y con el propietario del citado inmueble.<\/p>\n<p>En dicha junta se explic\u00f3 al particular la normatividad aplicable y se acord\u00f3 el ingreso de la solicitud de autorizaci\u00f3n para regularizar su obra. De buena fe y priorizando el di\u00e1logo, el INAH determin\u00f3 dejar sin efecto la suspensi\u00f3n y retirar los sellos.<\/p>\n<p>La solicitud de autorizaci\u00f3n de obra fue ingresada al Centro INAH Veracruz el 8 de junio de 2023, por lo cual le fue asignado el n\u00famero de expediente 215\/23, para regularizar las adecuaciones realizadas al interior del edificio.<\/p>\n<p>Por ser una construcci\u00f3n del siglo XX, el INAH \u00fanicamente solicit\u00f3 el retiro de marquesinas, adecuar los vanos en proporci\u00f3n vertical y consolidar las fachadas en todos sus niveles debido al estado de abandono que presentaban.<\/p>\n<p>No obstante, de esta apertura, el propietario realiz\u00f3 una campa\u00f1a en medios de comunicaci\u00f3n y organiz\u00f3 ruedas de prensa para acusar al INAH de impedir la continuaci\u00f3n de su obra.<\/p>\n<p>Se hace constar que los solicitantes no concluyeron su tr\u00e1mite ni obtuvieron la autorizaci\u00f3n de sus obras, a la par que optaron por continuar sus trabajos sin atender la consolidaci\u00f3n de las tres fachadas del edificio \u2018Astur\u2019.<\/p>\n<p>En diciembre de 2023 abrieron la citada cafeter\u00eda al p\u00fablico. A seis meses de esta inauguraci\u00f3n, colaps\u00f3 el segmento de uno de los balcones de concreto, lo que deriv\u00f3 en afectaciones a veh\u00edculos y en lesiones a una persona, afortunadamente, sin causar da\u00f1os irreparables.<\/p>\n<p>&#8212;oo0oo&#8212;<\/p>\n","protected":false},"excerpt":{"rendered":"<p>Visitas: 6Veracruz, Ver.- Respecto a las declaraciones vertidas en medios de comunicaci\u00f3n locales, tocantes a una supuesta postura de la Secretar\u00eda de Cultura del Gobierno de M\u00e9xico y del Instituto Nacional de Antropolog\u00eda e Historia (INAH) para obstaculizar la rehabilitaci\u00f3n del centro hist\u00f3rico de esta ciudad, se aclara lo siguiente: El propietario del inmueble denominado [&hellip;]<\/p>\n","protected":false},"author":2,"featured_media":211305,"comment_status":"open","ping_status":"open","sticky":false,"template":"","format":"standard","meta":{"footnotes":""},"categories":[238,236],"tags":[],"class_list":{"0":"post-211299","1":"post","2":"type-post","3":"status-publish","4":"format-standard","5":"has-post-thumbnail","7":"category-veracruz","8":"category-zona-centro"},"nelio_content":{"isAutoShareEnabled":true,"autoShareEndMode":"never","automationSources":{"useCustomSentences":false,"customSentences":[]},"followers":[],"suggestedReferences":[],"efiUrl":"","efiAlt":"","highlights":[],"permalinkQueryArgs":[],"series":[]},"_links":{"self":[{"href":"https:\/\/www.enteratever.com\/2023\/wp-json\/wp\/v2\/posts\/211299","targetHints":{"allow":["GET"]}}],"collection":[{"href":"https:\/\/www.enteratever.com\/2023\/wp-json\/wp\/v2\/posts"}],"about":[{"href":"https:\/\/www.enteratever.com\/2023\/wp-json\/wp\/v2\/types\/post"}],"author":[{"embeddable":true,"href":"https:\/\/www.enteratever.com\/2023\/wp-json\/wp\/v2\/users\/2"}],"replies":[{"embeddable":true,"href":"https:\/\/www.enteratever.com\/2023\/wp-json\/wp\/v2\/comments?post=211299"}],"version-history":[{"count":1,"href":"https:\/\/www.enteratever.com\/2023\/wp-json\/wp\/v2\/posts\/211299\/revisions"}],"predecessor-version":[{"id":211307,"href":"https:\/\/www.enteratever.com\/2023\/wp-json\/wp\/v2\/posts\/211299\/revisions\/211307"}],"wp:featuredmedia":[{"embeddable":true,"href":"https:\/\/www.enteratever.com\/2023\/wp-json\/wp\/v2\/media\/211305"}],"wp:attachment":[{"href":"https:\/\/www.enteratever.com\/2023\/wp-json\/wp\/v2\/media?parent=211299"}],"wp:term":[{"taxonomy":"category","embeddable":true,"href":"https:\/\/www.enteratever.com\/2023\/wp-json\/wp\/v2\/categories?post=211299"},{"taxonomy":"post_tag","embeddable":true,"href":"https:\/\/www.enteratever.com\/2023\/wp-json\/wp\/v2\/tags?post=211299"}],"curies":[{"name":"wp","href":"https:\/\/api.w.org\/{rel}","templated":true}]}}