{"id":211241,"date":"2024-06-14T18:35:15","date_gmt":"2024-06-15T00:35:15","guid":{"rendered":"https:\/\/www.enteratever.com\/2023\/?p=211241"},"modified":"2024-06-14T18:35:15","modified_gmt":"2024-06-15T00:35:15","slug":"joven-del-chote-papantla-continua-en-calidad-desaparecida","status":"publish","type":"post","link":"https:\/\/www.enteratever.com\/2023\/2024\/06\/14\/joven-del-chote-papantla-continua-en-calidad-desaparecida\/","title":{"rendered":"Joven del Chote Papantla contin\u00faa en calidad desaparecida"},"content":{"rendered":"<p>Visitas: 8<\/p><p>A pesar de que la menor p\u00fablico un v\u00eddeo asegurando que se encuentra bien continua en calidad de desaparecida, la familia aseguran est\u00e1 siendo manipulada. Ya que hay una ficha de b\u00fasqueda puesto que la joven a\u00fan no cumple su mayor\u00eda de edad <\/p>\n<p>Desde el pasado d\u00edez de Junio se di\u00f3 a conocer la desaparici\u00f3n de la joven Ingrid Paula Guzm\u00e1n P\u00e9rez, de diecisiete a\u00f1os y originaria de El Chote en Papantla <\/p>\n<p>Sin embargo fue la noche del jueves cuando a trav\u00e9s de un grupo v\u00eda facebook, la j\u00f3ven public\u00f3 un v\u00eddeo se\u00f1alando encontrarse bien adem\u00e1s de que hab\u00eda huido debido a la violencia que sufr\u00eda con su familia <\/p>\n<p>El se\u00f1or padre Arturo Guzm\u00e1n, se\u00f1alo que vi\u00f3 el v\u00eddeo que se public\u00f3 en el grupo privado de facebook, y asegur\u00f3 que su hija est\u00e1 siendo manipulada por alguien m\u00e1s, adem\u00e1s de temer por su integridad <\/p>\n<p>Asimismo el padre de familia pide a la menor regresar a su casa, adem\u00e1s de que las autoridades ya se encuentran investigando los hechos que envuelve a este caso y las razones de la menor para abandonar su hogar<\/p>\n","protected":false},"excerpt":{"rendered":"<p>Visitas: 8A pesar de que la menor p\u00fablico un v\u00eddeo asegurando que se encuentra bien continua en calidad de desaparecida, la familia aseguran est\u00e1 siendo manipulada. Ya que hay una ficha de b\u00fasqueda puesto que la joven a\u00fan no cumple su mayor\u00eda de edad Desde el pasado d\u00edez de Junio se di\u00f3 a conocer la [&hellip;]<\/p>\n","protected":false},"author":2,"featured_media":211245,"comment_status":"open","ping_status":"open","sticky":false,"template":"","format":"standard","meta":{"footnotes":""},"categories":[299,215,219],"tags":[41],"class_list":{"0":"post-211241","1":"post","2":"type-post","3":"status-publish","4":"format-standard","5":"has-post-thumbnail","7":"category-notas-locales","8":"category-papantla","9":"category-zona-norte","10":"tag-portada"},"nelio_content":{"isAutoShareEnabled":true,"autoShareEndMode":"never","automationSources":{"useCustomSentences":false,"customSentences":[]},"followers":[],"suggestedReferences":[],"efiUrl":"","efiAlt":"","highlights":[],"permalinkQueryArgs":[],"series":[]},"_links":{"self":[{"href":"https:\/\/www.enteratever.com\/2023\/wp-json\/wp\/v2\/posts\/211241","targetHints":{"allow":["GET"]}}],"collection":[{"href":"https:\/\/www.enteratever.com\/2023\/wp-json\/wp\/v2\/posts"}],"about":[{"href":"https:\/\/www.enteratever.com\/2023\/wp-json\/wp\/v2\/types\/post"}],"author":[{"embeddable":true,"href":"https:\/\/www.enteratever.com\/2023\/wp-json\/wp\/v2\/users\/2"}],"replies":[{"embeddable":true,"href":"https:\/\/www.enteratever.com\/2023\/wp-json\/wp\/v2\/comments?post=211241"}],"version-history":[{"count":1,"href":"https:\/\/www.enteratever.com\/2023\/wp-json\/wp\/v2\/posts\/211241\/revisions"}],"predecessor-version":[{"id":211246,"href":"https:\/\/www.enteratever.com\/2023\/wp-json\/wp\/v2\/posts\/211241\/revisions\/211246"}],"wp:featuredmedia":[{"embeddable":true,"href":"https:\/\/www.enteratever.com\/2023\/wp-json\/wp\/v2\/media\/211245"}],"wp:attachment":[{"href":"https:\/\/www.enteratever.com\/2023\/wp-json\/wp\/v2\/media?parent=211241"}],"wp:term":[{"taxonomy":"category","embeddable":true,"href":"https:\/\/www.enteratever.com\/2023\/wp-json\/wp\/v2\/categories?post=211241"},{"taxonomy":"post_tag","embeddable":true,"href":"https:\/\/www.enteratever.com\/2023\/wp-json\/wp\/v2\/tags?post=211241"}],"curies":[{"name":"wp","href":"https:\/\/api.w.org\/{rel}","templated":true}]}}