{"id":211055,"date":"2024-06-11T17:41:06","date_gmt":"2024-06-11T23:41:06","guid":{"rendered":"https:\/\/www.enteratever.com\/2023\/?p=211055"},"modified":"2024-06-11T17:41:06","modified_gmt":"2024-06-11T23:41:06","slug":"buscan-a-menor-en-agua-dulce-papantla","status":"publish","type":"post","link":"https:\/\/www.enteratever.com\/2023\/2024\/06\/11\/buscan-a-menor-en-agua-dulce-papantla\/","title":{"rendered":"Buscan a menor en Agua Dulce Papantla"},"content":{"rendered":"<p>Visitas: 5<\/p><p>Sali\u00f3 a la tienda pero no regres\u00f3<\/p>\n<p>Con el objetivo de dar con el paradero de un menor de edad reportado como desaparecido este d\u00eda martes, integrantes de una familia se encuentran en angustia y es que el ni\u00f1o \u00fanicamente se dirig\u00eda a la tienda pero no regreso a su hogar <\/p>\n<p>Dichos hechos se registraron en la comunidad de Agua Dulce, el menor responde al nombre de Marco Fabi\u00e1n Santiago Galindo, cabe destacar que debido a las situaciones de inseguridad temen por su integridad por lo que piden ayuda con cualquier informaci\u00f3n que pueda servir para encontrarlo <\/p>\n<p>Aunque la familia a colocado en redes sociales un n\u00famero de tel\u00e9fono para comunicarse en caso de tener alguna informaci\u00f3n del paradero se pide a la ciudadan\u00eda llamar a los n\u00fameros de emergencia<\/p>\n","protected":false},"excerpt":{"rendered":"<p>Visitas: 5Sali\u00f3 a la tienda pero no regres\u00f3 Con el objetivo de dar con el paradero de un menor de edad reportado como desaparecido este d\u00eda martes, integrantes de una familia se encuentran en angustia y es que el ni\u00f1o \u00fanicamente se dirig\u00eda a la tienda pero no regreso a su hogar Dichos hechos se [&hellip;]<\/p>\n","protected":false},"author":3,"featured_media":211058,"comment_status":"open","ping_status":"open","sticky":false,"template":"","format":"standard","meta":{"footnotes":""},"categories":[299,215,219],"tags":[41],"class_list":{"0":"post-211055","1":"post","2":"type-post","3":"status-publish","4":"format-standard","5":"has-post-thumbnail","7":"category-notas-locales","8":"category-papantla","9":"category-zona-norte","10":"tag-portada"},"nelio_content":{"isAutoShareEnabled":true,"autoShareEndMode":"never","automationSources":{"useCustomSentences":false,"customSentences":[]},"followers":[],"suggestedReferences":[],"efiUrl":"","efiAlt":"","highlights":[],"permalinkQueryArgs":[],"series":[]},"_links":{"self":[{"href":"https:\/\/www.enteratever.com\/2023\/wp-json\/wp\/v2\/posts\/211055","targetHints":{"allow":["GET"]}}],"collection":[{"href":"https:\/\/www.enteratever.com\/2023\/wp-json\/wp\/v2\/posts"}],"about":[{"href":"https:\/\/www.enteratever.com\/2023\/wp-json\/wp\/v2\/types\/post"}],"author":[{"embeddable":true,"href":"https:\/\/www.enteratever.com\/2023\/wp-json\/wp\/v2\/users\/3"}],"replies":[{"embeddable":true,"href":"https:\/\/www.enteratever.com\/2023\/wp-json\/wp\/v2\/comments?post=211055"}],"version-history":[{"count":1,"href":"https:\/\/www.enteratever.com\/2023\/wp-json\/wp\/v2\/posts\/211055\/revisions"}],"predecessor-version":[{"id":211061,"href":"https:\/\/www.enteratever.com\/2023\/wp-json\/wp\/v2\/posts\/211055\/revisions\/211061"}],"wp:featuredmedia":[{"embeddable":true,"href":"https:\/\/www.enteratever.com\/2023\/wp-json\/wp\/v2\/media\/211058"}],"wp:attachment":[{"href":"https:\/\/www.enteratever.com\/2023\/wp-json\/wp\/v2\/media?parent=211055"}],"wp:term":[{"taxonomy":"category","embeddable":true,"href":"https:\/\/www.enteratever.com\/2023\/wp-json\/wp\/v2\/categories?post=211055"},{"taxonomy":"post_tag","embeddable":true,"href":"https:\/\/www.enteratever.com\/2023\/wp-json\/wp\/v2\/tags?post=211055"}],"curies":[{"name":"wp","href":"https:\/\/api.w.org\/{rel}","templated":true}]}}