{"id":210976,"date":"2024-06-10T14:02:22","date_gmt":"2024-06-10T20:02:22","guid":{"rendered":"https:\/\/www.enteratever.com\/2023\/?p=210976"},"modified":"2024-06-10T16:26:15","modified_gmt":"2024-06-10T22:26:15","slug":"ya-aparecio-menor-de-la-guasima-papantla","status":"publish","type":"post","link":"https:\/\/www.enteratever.com\/2023\/2024\/06\/10\/ya-aparecio-menor-de-la-guasima-papantla\/","title":{"rendered":"Ya apareci\u00f3 menor de la Guasima Papantla"},"content":{"rendered":"<p>Visitas: 22<\/p><p>Aunque durante este d\u00eda se emiti\u00f3 una ficha de b\u00fasqueda por parte de la Comisi\u00f3n de b\u00fasqueda de personas desaparecidas en Veracruz, familiares de la menor desaparecida en la Guasima Papantla han dado a conocer que ya se encuentra en casa.<\/p>\n<p>Am\u00e9rica Celine P\u00e9rez de al menos 13 a\u00f1os de edad habr\u00eda tomado camino con rumbo desconocido, situaci\u00f3n que puso en alerta a los padres de familia y es que en redes sociales la menor habria compartido un v\u00eddeo donde se encontraba en alg\u00fan otro municipio de Veracruz.<\/p>\n<p>Al momento la familia ha logrado localizarla, sin embargo por la publicaci\u00f3n de la ficha algunos medios de comunicaci\u00f3n contin\u00faan manejando la informaci\u00f3n como desaparecida.<\/p>\n","protected":false},"excerpt":{"rendered":"<p>Visitas: 22Aunque durante este d\u00eda se emiti\u00f3 una ficha de b\u00fasqueda por parte de la Comisi\u00f3n de b\u00fasqueda de personas desaparecidas en Veracruz, familiares de la menor desaparecida en la Guasima Papantla han dado a conocer que ya se encuentra en casa. Am\u00e9rica Celine P\u00e9rez de al menos 13 a\u00f1os de edad habr\u00eda tomado camino [&hellip;]<\/p>\n","protected":false},"author":3,"featured_media":210978,"comment_status":"open","ping_status":"open","sticky":false,"template":"","format":"standard","meta":{"footnotes":""},"categories":[299,215,219],"tags":[],"class_list":{"0":"post-210976","1":"post","2":"type-post","3":"status-publish","4":"format-standard","5":"has-post-thumbnail","7":"category-notas-locales","8":"category-papantla","9":"category-zona-norte"},"nelio_content":{"isAutoShareEnabled":true,"autoShareEndMode":"never","automationSources":{"useCustomSentences":false,"customSentences":[]},"followers":[],"suggestedReferences":[],"efiUrl":"","efiAlt":"","highlights":[],"permalinkQueryArgs":[],"series":[]},"_links":{"self":[{"href":"https:\/\/www.enteratever.com\/2023\/wp-json\/wp\/v2\/posts\/210976","targetHints":{"allow":["GET"]}}],"collection":[{"href":"https:\/\/www.enteratever.com\/2023\/wp-json\/wp\/v2\/posts"}],"about":[{"href":"https:\/\/www.enteratever.com\/2023\/wp-json\/wp\/v2\/types\/post"}],"author":[{"embeddable":true,"href":"https:\/\/www.enteratever.com\/2023\/wp-json\/wp\/v2\/users\/3"}],"replies":[{"embeddable":true,"href":"https:\/\/www.enteratever.com\/2023\/wp-json\/wp\/v2\/comments?post=210976"}],"version-history":[{"count":1,"href":"https:\/\/www.enteratever.com\/2023\/wp-json\/wp\/v2\/posts\/210976\/revisions"}],"predecessor-version":[{"id":210979,"href":"https:\/\/www.enteratever.com\/2023\/wp-json\/wp\/v2\/posts\/210976\/revisions\/210979"}],"wp:featuredmedia":[{"embeddable":true,"href":"https:\/\/www.enteratever.com\/2023\/wp-json\/wp\/v2\/media\/210978"}],"wp:attachment":[{"href":"https:\/\/www.enteratever.com\/2023\/wp-json\/wp\/v2\/media?parent=210976"}],"wp:term":[{"taxonomy":"category","embeddable":true,"href":"https:\/\/www.enteratever.com\/2023\/wp-json\/wp\/v2\/categories?post=210976"},{"taxonomy":"post_tag","embeddable":true,"href":"https:\/\/www.enteratever.com\/2023\/wp-json\/wp\/v2\/tags?post=210976"}],"curies":[{"name":"wp","href":"https:\/\/api.w.org\/{rel}","templated":true}]}}