{"id":210923,"date":"2024-06-10T10:34:50","date_gmt":"2024-06-10T16:34:50","guid":{"rendered":"https:\/\/www.enteratever.com\/2023\/?p=210923"},"modified":"2024-06-10T10:37:44","modified_gmt":"2024-06-10T16:37:44","slug":"reconoce-amado-cruz-malpica-labor-de-periodistas-en-el-dia-de-la-libertad-de-expresion","status":"publish","type":"post","link":"https:\/\/www.enteratever.com\/2023\/2024\/06\/10\/reconoce-amado-cruz-malpica-labor-de-periodistas-en-el-dia-de-la-libertad-de-expresion\/","title":{"rendered":"Reconoce Amado Cruz Malpica labor de periodistas en el D\u00eda de la Libertad de Expresi\u00f3n"},"content":{"rendered":"<p>Visitas: 1<\/p><p>En el marco del D\u00eda de la Libertad de Expresi\u00f3n, el presidente municipal de Coatzacoalcos, Amado Cruz Malpica, expres\u00f3 su reconocimiento y felicitaciones a todos los periodistas que d\u00eda a d\u00eda se esfuerzan por mantener informada a la poblaci\u00f3n.<\/p>\n<p>En una entrevista realizada en los bajos del Palacio Municipal, el ejecutivo municipal destac\u00f3 la labor incansable de los periodistas del municipio, la regi\u00f3n sur y del pa\u00eds, resaltando el valor de su trabajo de 24 horas. \u201cMe da mucho gusto saludar a todos los periodistas en su d\u00eda y felicitarlos por su esfuerzo diario. La necesidad de mantener informada a la poblaci\u00f3n es fundamental y el prestigio que respalda la informaci\u00f3n sin duda juega un papel importante en el reconocimiento que la ciudadan\u00eda tiene para este trabajo\u201d, afirm\u00f3 el edil porte\u00f1o.<\/p>\n<p>As\u00ed mismo, el alcalde subray\u00f3 la importancia del papel de la prensa durante su administraci\u00f3n como medio de comunicaci\u00f3n con la ciudadan\u00eda, reconociendo su contribuci\u00f3n en la construcci\u00f3n de una sociedad informada y participativa.<\/p>\n<p>El gobierno de Coatzacoalcos resalta la relevancia del periodismo en la democracia y su compromiso con la libertad de expresi\u00f3n, promoviendo un ambiente propicio para el ejercicio de esta fundamental garant\u00eda constitucional.<\/p>\n","protected":false},"excerpt":{"rendered":"<p>Visitas: 1En el marco del D\u00eda de la Libertad de Expresi\u00f3n, el presidente municipal de Coatzacoalcos, Amado Cruz Malpica, expres\u00f3 su reconocimiento y felicitaciones a todos los periodistas que d\u00eda a d\u00eda se esfuerzan por mantener informada a la poblaci\u00f3n. En una entrevista realizada en los bajos del Palacio Municipal, el ejecutivo municipal destac\u00f3 la [&hellip;]<\/p>\n","protected":false},"author":2,"featured_media":210926,"comment_status":"open","ping_status":"open","sticky":false,"template":"","format":"standard","meta":{"footnotes":""},"categories":[242,241],"tags":[],"class_list":{"0":"post-210923","1":"post","2":"type-post","3":"status-publish","4":"format-standard","5":"has-post-thumbnail","7":"category-coatzacoalcos","8":"category-zona-sur"},"nelio_content":{"isAutoShareEnabled":true,"autoShareEndMode":"never","automationSources":{"useCustomSentences":false,"customSentences":[]},"followers":[],"suggestedReferences":[],"efiUrl":"","efiAlt":"","highlights":[],"permalinkQueryArgs":[],"series":[]},"_links":{"self":[{"href":"https:\/\/www.enteratever.com\/2023\/wp-json\/wp\/v2\/posts\/210923","targetHints":{"allow":["GET"]}}],"collection":[{"href":"https:\/\/www.enteratever.com\/2023\/wp-json\/wp\/v2\/posts"}],"about":[{"href":"https:\/\/www.enteratever.com\/2023\/wp-json\/wp\/v2\/types\/post"}],"author":[{"embeddable":true,"href":"https:\/\/www.enteratever.com\/2023\/wp-json\/wp\/v2\/users\/2"}],"replies":[{"embeddable":true,"href":"https:\/\/www.enteratever.com\/2023\/wp-json\/wp\/v2\/comments?post=210923"}],"version-history":[{"count":1,"href":"https:\/\/www.enteratever.com\/2023\/wp-json\/wp\/v2\/posts\/210923\/revisions"}],"predecessor-version":[{"id":210928,"href":"https:\/\/www.enteratever.com\/2023\/wp-json\/wp\/v2\/posts\/210923\/revisions\/210928"}],"wp:featuredmedia":[{"embeddable":true,"href":"https:\/\/www.enteratever.com\/2023\/wp-json\/wp\/v2\/media\/210926"}],"wp:attachment":[{"href":"https:\/\/www.enteratever.com\/2023\/wp-json\/wp\/v2\/media?parent=210923"}],"wp:term":[{"taxonomy":"category","embeddable":true,"href":"https:\/\/www.enteratever.com\/2023\/wp-json\/wp\/v2\/categories?post=210923"},{"taxonomy":"post_tag","embeddable":true,"href":"https:\/\/www.enteratever.com\/2023\/wp-json\/wp\/v2\/tags?post=210923"}],"curies":[{"name":"wp","href":"https:\/\/api.w.org\/{rel}","templated":true}]}}