{"id":210860,"date":"2024-06-07T12:47:46","date_gmt":"2024-06-07T18:47:46","guid":{"rendered":"https:\/\/www.enteratever.com\/2023\/?p=210860"},"modified":"2024-06-07T12:47:46","modified_gmt":"2024-06-07T18:47:46","slug":"presenta-secver-la-exposicion-ori-de-julio-alvarez-en-el-jex","status":"publish","type":"post","link":"https:\/\/www.enteratever.com\/2023\/2024\/06\/07\/presenta-secver-la-exposicion-ori-de-julio-alvarez-en-el-jex\/","title":{"rendered":"Presenta SECVER la exposici\u00f3n Ori, de Julio \u00c1lvarez, en el JEX"},"content":{"rendered":"<p>Visitas: 2<\/p><p>La Secretar\u00eda de Cultura de Veracruz presenta la exposici\u00f3n Ori, dibujos de Julio \u00c1lvarez, en el Jard\u00edn de las Esculturas. La colecci\u00f3n se inaugurar\u00e1 el pr\u00f3ximo s\u00e1bado 8 de junio a las 12:00 horas, en la Sala Bromelia del recinto m\u00e1s verde de la SECVER.<\/p>\n<p>Los 9 dibujos de mediano y gran formato que conforman Ori son el resultado de una b\u00fasqueda de relaciones entre la representaci\u00f3n figurativa contempor\u00e1nea y la representaci\u00f3n simb\u00f3lica de la lluvia propia de los pueblos originarios que se establecieron en la regi\u00f3n de Veracruz. Su autor retoma a la lluvia, elemento de enorme trascendencia en la historia de la humanidad, como uno de los temas centrales de sus piezas. En ellas explora la fuerza de dicho fen\u00f3meno, indomable, proveedor y visualmente poderoso, que a distintos tiempos se ha asociado a la tristeza, la melancol\u00eda, la furia, la vida y la muerte.<\/p>\n<p>Julio \u00c1lvarez es artista visual, especializado en dibujo. Inspir\u00e1ndose en las civilizaciones del M\u00e9xico prehisp\u00e1nico, su propuesta art\u00edstica se orienta a la vinculaci\u00f3n del presente y el pasado a trav\u00e9s de la identidad visual contempor\u00e1nea. Este proyecto fue realizado con apoyo del Programa de Est\u00edmulos a la Creaci\u00f3n y Desarrollo Art\u00edstico (PECDA Veracruz) 2023 y en \u00e9l explora las posibilidades del carb\u00f3n sobre papel de algod\u00f3n. Mediante el autorretrato, su obra busca apropiarse de los valores pl\u00e1sticos de la representaci\u00f3n mesoamericana y combinarlos con las experiencias y emociones comunes al trauma psicol\u00f3gico.<\/p>\n<p>La SECVER invita a la inauguraci\u00f3n de la exposici\u00f3n Ori el s\u00e1bado 8 de junio a las 12:00 horas, en la Sala Bromelia del Jard\u00edn de las Esculturas. Consulta la programaci\u00f3n completa del JEX en el sitio web https:\/\/jex.veracruzcultura.com y las redes sociales Facebook e Instagram @JardinDeLasEsculturas. Conoce toda la oferta de la Secretar\u00eda de Cultura de Veracruz a trav\u00e9s de la p\u00e1gina web oficial www.culturaveracruz.gob.mx.<\/p>\n","protected":false},"excerpt":{"rendered":"<p>Visitas: 2La Secretar\u00eda de Cultura de Veracruz presenta la exposici\u00f3n Ori, dibujos de Julio \u00c1lvarez, en el Jard\u00edn de las Esculturas. La colecci\u00f3n se inaugurar\u00e1 el pr\u00f3ximo s\u00e1bado 8 de junio a las 12:00 horas, en la Sala Bromelia del recinto m\u00e1s verde de la SECVER. Los 9 dibujos de mediano y gran formato que [&hellip;]<\/p>\n","protected":false},"author":2,"featured_media":210864,"comment_status":"open","ping_status":"open","sticky":false,"template":"","format":"standard","meta":{"footnotes":""},"categories":[237,236],"tags":[],"class_list":{"0":"post-210860","1":"post","2":"type-post","3":"status-publish","4":"format-standard","5":"has-post-thumbnail","7":"category-xalapa","8":"category-zona-centro"},"nelio_content":{"isAutoShareEnabled":true,"autoShareEndMode":"never","automationSources":{"useCustomSentences":false,"customSentences":[]},"followers":[],"suggestedReferences":[],"efiUrl":"","efiAlt":"","highlights":[],"permalinkQueryArgs":[],"series":[]},"_links":{"self":[{"href":"https:\/\/www.enteratever.com\/2023\/wp-json\/wp\/v2\/posts\/210860","targetHints":{"allow":["GET"]}}],"collection":[{"href":"https:\/\/www.enteratever.com\/2023\/wp-json\/wp\/v2\/posts"}],"about":[{"href":"https:\/\/www.enteratever.com\/2023\/wp-json\/wp\/v2\/types\/post"}],"author":[{"embeddable":true,"href":"https:\/\/www.enteratever.com\/2023\/wp-json\/wp\/v2\/users\/2"}],"replies":[{"embeddable":true,"href":"https:\/\/www.enteratever.com\/2023\/wp-json\/wp\/v2\/comments?post=210860"}],"version-history":[{"count":1,"href":"https:\/\/www.enteratever.com\/2023\/wp-json\/wp\/v2\/posts\/210860\/revisions"}],"predecessor-version":[{"id":210866,"href":"https:\/\/www.enteratever.com\/2023\/wp-json\/wp\/v2\/posts\/210860\/revisions\/210866"}],"wp:featuredmedia":[{"embeddable":true,"href":"https:\/\/www.enteratever.com\/2023\/wp-json\/wp\/v2\/media\/210864"}],"wp:attachment":[{"href":"https:\/\/www.enteratever.com\/2023\/wp-json\/wp\/v2\/media?parent=210860"}],"wp:term":[{"taxonomy":"category","embeddable":true,"href":"https:\/\/www.enteratever.com\/2023\/wp-json\/wp\/v2\/categories?post=210860"},{"taxonomy":"post_tag","embeddable":true,"href":"https:\/\/www.enteratever.com\/2023\/wp-json\/wp\/v2\/tags?post=210860"}],"curies":[{"name":"wp","href":"https:\/\/api.w.org\/{rel}","templated":true}]}}