{"id":210851,"date":"2024-06-07T12:37:12","date_gmt":"2024-06-07T18:37:12","guid":{"rendered":"https:\/\/www.enteratever.com\/2023\/?p=210851"},"modified":"2024-06-07T12:37:12","modified_gmt":"2024-06-07T18:37:12","slug":"conoce-a-artesanas-y-artesanos-del-totonacapan-en-la-cartelera-virtual-de-la-secver-durante-el-mes-de-junio","status":"publish","type":"post","link":"https:\/\/www.enteratever.com\/2023\/2024\/06\/07\/conoce-a-artesanas-y-artesanos-del-totonacapan-en-la-cartelera-virtual-de-la-secver-durante-el-mes-de-junio\/","title":{"rendered":"Conoce a artesanas y artesanos del Totonacapan en la cartelera virtual de la SECVER durante el mes de junio"},"content":{"rendered":"<p>Visitas: 2<\/p><p>La Secretar\u00eda de Cultura de Veracruz invita a disfrutar su cartelera virtual del mes de junio, que contar\u00e1 con cuatro entrevistas realizadas a artesanas, artesanos y cocineras durante el encuentro \u201cPresencia del Totonacapan en el Complejo Cultural Los Pinos\u201d, as\u00ed como con los ya tradicionales #ViernesDeD\u00e9cimas. La programaci\u00f3n se transmitir\u00e1 del 6 al 28 de junio, durante los d\u00edas jueves y viernes, a las 17:00 y las 12:00 horas, respectivamente, a trav\u00e9s de la p\u00e1gina de Facebook @DesarrolloCulturalRegionalSECVER.<\/p>\n<p>El jueves 6 de junio se transmitir\u00e1 la entrevista realizada a Fernando Garc\u00eda Casta\u00f1o, promotor cultural, artesano e integrante de la Casa del Coraz\u00f3n de la Madera. \u00c9l hablar\u00e1 de su experiencia como trabajador de la madera de cedro, una pr\u00e1ctica cultural arraigada en la regi\u00f3n del Totonacapan. Del \u00e1rbol de cedro se obtiene una madera arom\u00e1tica muy duradera, y es una materia prima de f\u00e1cil acceso para la comunidad de artesanos de la zona. As\u00ed, la artesan\u00eda con madera de cedro constituye un elemento importante de la cultura local y es a la vez una alternativa econ\u00f3mica para las familias.<\/p>\n<p>El jueves 13 de junio se difundir\u00e1 una entrevista realizada a Lucy D\u00edaz, cocinera tradicional del municipio de Cuetzalan, Puebla. Ella conversar\u00e1 sobre la diversidad de productos org\u00e1nicos que se generan en esta regi\u00f3n de su estado, una zona rica en diversidad cultural y gastron\u00f3mica que refleja una profunda conexi\u00f3n entre sus habitantes y el entorno natural. La gastronom\u00eda de su lugar natal es un espejo de su biodiversidad, donde los ingredientes locales como la miel melipona, el chiltep\u00edn, la canela, el cacao y una variedad de hierbas silvestres desempe\u00f1an roles protag\u00f3nicos. <\/p>\n<p>El jueves 20 de junio se presentar\u00e1 a Martha Soledad G\u00f3mez Atzin, fundadora e integrante del colectivo de cocineras tradicionales \u201cMujeres de humo\u201d. La entrevistada compartir\u00e1 la misi\u00f3n del colectivo, creado con el prop\u00f3sito de rescatar y difundir los saberes de la gastronom\u00eda tradicional totonaca. Con tal fin, se han recuperado m\u00e1s de quinientas recetas locales. <\/p>\n<p>El 27 de junio se difundir\u00e1 la entrevista realizada a Mar\u00eda Isabel M\u00e9ndez Garc\u00eda, artesana del Centro de las Artes Ind\u00edgenas, quien hablar\u00e1 sobre las variadas artesan\u00edas de la regi\u00f3n totonaca, caracterizadas por su profundo simbolismo y m\u00e9todos tradicionales. Dichas artesan\u00edas abarcan una m\u00faltiple variedad de formas y materiales, incluyendo la cer\u00e1mica, la talla en madera y el tejido de textiles. La labor artesanal no solo es un medio de subsistencia, es tambi\u00e9n un componente crucial en la preservaci\u00f3n y celebraci\u00f3n de la identidad cultural totonaca.<\/p>\n<p>En la secci\u00f3n de Viernes de d\u00e9cimas se divulgar\u00e1n las d\u00e9cimas de autoras veracruzanas. Esta programaci\u00f3n tiene el objetivo de preservar la tradici\u00f3n que por siglos ha tenido esta expresi\u00f3n de la palabra en la regi\u00f3n del Sotavento, versificaci\u00f3n creada hist\u00f3ricamente por el poeta espa\u00f1ol Vicente Espinel, a finales del siglo XVI.<\/p>\n<p>Por otra parte, la SECVER contin\u00faa invitando a participar en la Convocatoria Tesoros Humanos Vivos Veracruz 2024, iniciativa con el prop\u00f3sito de promover el reconocimiento de las personas portadoras de las manifestaciones culturales que constituyen la identidad de las comunidades, as\u00ed como fomentar la transmisi\u00f3n intergeneracional de los conocimientos y t\u00e9cnicas tradicionales que preservan el patrimonio cultural veracruzano. Las personas que sean postuladas deber\u00e1n contar con m\u00e1s de 65 a\u00f1os, ser originarias del estado de Veracruz y fungir como un referente de identidad y valores comunitarios en sus localidades. La convocatoria permanecer\u00e1 abierta hasta el 28 de junio a las 18:00 horas. Las bases completas del programa pueden consultarse a trav\u00e9s del siguiente enlace: https:\/\/bit.ly\/ConvocatoriaTHV2024. <\/p>\n<p>Sigue la transmisi\u00f3n de estos materiales audiovisuales del 6 al 28 de junio, los jueves a las 17:00 horas y los viernes a las 12:00 horas, a trav\u00e9s de la p\u00e1gina de Facebook @DesarrolloCulturalRegionalSecver. Conoce la variada oferta cultural que la Secretar\u00eda de Cultura de Veracruz ha programado para ti este mes en www.culturaveracruz.gob.mx.<\/p>\n","protected":false},"excerpt":{"rendered":"<p>Visitas: 2La Secretar\u00eda de Cultura de Veracruz invita a disfrutar su cartelera virtual del mes de junio, que contar\u00e1 con cuatro entrevistas realizadas a artesanas, artesanos y cocineras durante el encuentro \u201cPresencia del Totonacapan en el Complejo Cultural Los Pinos\u201d, as\u00ed como con los ya tradicionales #ViernesDeD\u00e9cimas. La programaci\u00f3n se transmitir\u00e1 del 6 al 28 [&hellip;]<\/p>\n","protected":false},"author":2,"featured_media":210854,"comment_status":"open","ping_status":"open","sticky":false,"template":"","format":"standard","meta":{"footnotes":""},"categories":[237,236],"tags":[],"class_list":{"0":"post-210851","1":"post","2":"type-post","3":"status-publish","4":"format-standard","5":"has-post-thumbnail","7":"category-xalapa","8":"category-zona-centro"},"nelio_content":{"isAutoShareEnabled":true,"autoShareEndMode":"never","automationSources":{"useCustomSentences":false,"customSentences":[]},"followers":[],"suggestedReferences":[],"efiUrl":"","efiAlt":"","highlights":[],"permalinkQueryArgs":[],"series":[]},"_links":{"self":[{"href":"https:\/\/www.enteratever.com\/2023\/wp-json\/wp\/v2\/posts\/210851","targetHints":{"allow":["GET"]}}],"collection":[{"href":"https:\/\/www.enteratever.com\/2023\/wp-json\/wp\/v2\/posts"}],"about":[{"href":"https:\/\/www.enteratever.com\/2023\/wp-json\/wp\/v2\/types\/post"}],"author":[{"embeddable":true,"href":"https:\/\/www.enteratever.com\/2023\/wp-json\/wp\/v2\/users\/2"}],"replies":[{"embeddable":true,"href":"https:\/\/www.enteratever.com\/2023\/wp-json\/wp\/v2\/comments?post=210851"}],"version-history":[{"count":1,"href":"https:\/\/www.enteratever.com\/2023\/wp-json\/wp\/v2\/posts\/210851\/revisions"}],"predecessor-version":[{"id":210857,"href":"https:\/\/www.enteratever.com\/2023\/wp-json\/wp\/v2\/posts\/210851\/revisions\/210857"}],"wp:featuredmedia":[{"embeddable":true,"href":"https:\/\/www.enteratever.com\/2023\/wp-json\/wp\/v2\/media\/210854"}],"wp:attachment":[{"href":"https:\/\/www.enteratever.com\/2023\/wp-json\/wp\/v2\/media?parent=210851"}],"wp:term":[{"taxonomy":"category","embeddable":true,"href":"https:\/\/www.enteratever.com\/2023\/wp-json\/wp\/v2\/categories?post=210851"},{"taxonomy":"post_tag","embeddable":true,"href":"https:\/\/www.enteratever.com\/2023\/wp-json\/wp\/v2\/tags?post=210851"}],"curies":[{"name":"wp","href":"https:\/\/api.w.org\/{rel}","templated":true}]}}