{"id":210756,"date":"2024-06-06T10:37:58","date_gmt":"2024-06-06T16:37:58","guid":{"rendered":"https:\/\/www.enteratever.com\/2023\/?p=210756"},"modified":"2024-06-06T10:37:58","modified_gmt":"2024-06-06T16:37:58","slug":"realizaran-mini-acuatlon-escolar-2024-en-coatzacoalcos","status":"publish","type":"post","link":"https:\/\/www.enteratever.com\/2023\/2024\/06\/06\/realizaran-mini-acuatlon-escolar-2024-en-coatzacoalcos\/","title":{"rendered":"Realizar\u00e1n \u2018Mini Acuatl\u00f3n Escolar 2024\u2019 en Coatzacoalcos"},"content":{"rendered":"<p>Visitas: 0<\/p><p>El Gobierno de Coatzacoalcos present\u00f3 oficialmente el pr\u00f3ximo \u2018Mini Acuatl\u00f3n Escolar 2024\u2019, un evento infantil e inclusivo que reunir\u00e1 a ni\u00f1os de preescolar, padres de familia y docentes en una jornada de deporte, diversi\u00f3n y convivencia que se realizar\u00e1 el pr\u00f3ximo viernes 14 de junio, a las 09:00 horas, en la playa a la altura de la Casa de la Cultura.<\/p>\n<p>El evento acu\u00e1tico impulsado por el presidente municipal, Amado Cruz Malpica, tiene el objetivo de promover estilos de vida saludables desde temprana edad, brindando a los ni\u00f1os de preescolar la oportunidad de participar en una competencia l\u00fadica y estimulante que combina \u2018splash\u2019 y atletismo en un ambiente seguro y divertido.<\/p>\n<p>En rueda de prensa, el director Municipal del Deporte, Carlos Esquivel Olvera, expres\u00f3 que es organizado por el Ayuntamiento de Coatzacoalcos a trav\u00e9s de la Dimude y de la Regidur\u00eda Cuarta, en coordinaci\u00f3n con la Supervisi\u00f3n de Zona Escolar 110 Jardines, y la Supervisi\u00f3n de Educaci\u00f3n F\u00edsica Estatal 093X.<\/p>\n<p>\u2018El compromiso del presidente Amado Cruz es velar por el bienestar de las ni\u00f1as, ni\u00f1os y j\u00f3venes; la ciudad se ha convertido en sede de grandes eventos, empiezan a vernos a nivel nacional, acabamos de tener un Tour con m\u00e1s de mil ciclistas y vamos a tener un Torneo Nacional de Volibol\u2019.<\/p>\n<p>WhatsApp Image 2024 06 05 at 12.31.30 2<br \/>\nEl supervisor de Zona 110 Jardines, Mart\u00edn Javier Sena Vergara, expuso que ya est\u00e1 confirmada la participaci\u00f3n de 300 infantes matriculados en las 13 escuelas p\u00fablicas y 17 privadas incorporadas en esta Zona a su cargo, as\u00ed como se contar\u00e1 con la participaci\u00f3n de padres de familia y maestros.<\/p>\n<p>El supervisor de Educaci\u00f3n F\u00edsica Estatal 093X, Amir Rodr\u00edguez Athi\u00e9, dio a conocer que el \u2018Mini Acuatl\u00f3n Escolar 2024\u2019 contar\u00e1 con cuatro categor\u00edas: adaptadas para ni\u00f1os de preescolar, para participantes inclusivos, padres de familia (relevos) y docentes.<\/p>\n<p>Expuso que se disfrutar\u00e1n emocionantes carreras en un \u00e1rea adaptada a \u2018splash\u2019 en la playa y carrera a pie por las p\u00e9rgolas del Hemiciclo a los Ni\u00f1os H\u00e9roes, fomentando la coordinaci\u00f3n, el trabajo en equipo y la diversi\u00f3n en un ambiente seguro y supervisado por profesionales.<\/p>\n<p>\u2018Los ni\u00f1os van a chapotear a la orilla del mar y habr\u00e1 una etapa de transici\u00f3n donde saldr\u00e1n del agua, se colocan los tenis y har\u00e1n la carrera hacia la meta ubicada en las P\u00e9rgolas; habr\u00e1 un chip para todos los competidores otorgado sin fines de lucro por la empresa Tiempo y Marca\u2019.<\/p>\n<p>Al finalizar la competencia, se otorgar\u00e1n medallas conmemorativas para cada uno de los participantes, medallas para los primeros lugares y playera conmemorativa del evento. La junta previa y la entrega de kits ser\u00e1 el jueves 13 de junio, a las 16:00 horas, en la Casa de la Cultura.<\/p>\n<p>Las inscripciones son en la Supervisi\u00f3n Escolar y a\u00fan est\u00e1n abiertas hasta el viernes 07 de junio. Las edades para la categor\u00eda de preescolar fluct\u00faan entre los tres a cincos a\u00f1os. Hasta el momento hay 300 participantes confirmados de la Zona 110 y se tiene espacio para 450.<\/p>\n","protected":false},"excerpt":{"rendered":"<p>Visitas: 0El Gobierno de Coatzacoalcos present\u00f3 oficialmente el pr\u00f3ximo \u2018Mini Acuatl\u00f3n Escolar 2024\u2019, un evento infantil e inclusivo que reunir\u00e1 a ni\u00f1os de preescolar, padres de familia y docentes en una jornada de deporte, diversi\u00f3n y convivencia que se realizar\u00e1 el pr\u00f3ximo viernes 14 de junio, a las 09:00 horas, en la playa a la [&hellip;]<\/p>\n","protected":false},"author":2,"featured_media":210758,"comment_status":"open","ping_status":"open","sticky":false,"template":"","format":"standard","meta":{"footnotes":""},"categories":[242,241],"tags":[],"class_list":{"0":"post-210756","1":"post","2":"type-post","3":"status-publish","4":"format-standard","5":"has-post-thumbnail","7":"category-coatzacoalcos","8":"category-zona-sur"},"nelio_content":{"isAutoShareEnabled":true,"autoShareEndMode":"never","automationSources":{"useCustomSentences":false,"customSentences":[]},"followers":[],"suggestedReferences":[],"efiUrl":"","efiAlt":"","highlights":[],"permalinkQueryArgs":[],"series":[]},"_links":{"self":[{"href":"https:\/\/www.enteratever.com\/2023\/wp-json\/wp\/v2\/posts\/210756","targetHints":{"allow":["GET"]}}],"collection":[{"href":"https:\/\/www.enteratever.com\/2023\/wp-json\/wp\/v2\/posts"}],"about":[{"href":"https:\/\/www.enteratever.com\/2023\/wp-json\/wp\/v2\/types\/post"}],"author":[{"embeddable":true,"href":"https:\/\/www.enteratever.com\/2023\/wp-json\/wp\/v2\/users\/2"}],"replies":[{"embeddable":true,"href":"https:\/\/www.enteratever.com\/2023\/wp-json\/wp\/v2\/comments?post=210756"}],"version-history":[{"count":1,"href":"https:\/\/www.enteratever.com\/2023\/wp-json\/wp\/v2\/posts\/210756\/revisions"}],"predecessor-version":[{"id":210762,"href":"https:\/\/www.enteratever.com\/2023\/wp-json\/wp\/v2\/posts\/210756\/revisions\/210762"}],"wp:featuredmedia":[{"embeddable":true,"href":"https:\/\/www.enteratever.com\/2023\/wp-json\/wp\/v2\/media\/210758"}],"wp:attachment":[{"href":"https:\/\/www.enteratever.com\/2023\/wp-json\/wp\/v2\/media?parent=210756"}],"wp:term":[{"taxonomy":"category","embeddable":true,"href":"https:\/\/www.enteratever.com\/2023\/wp-json\/wp\/v2\/categories?post=210756"},{"taxonomy":"post_tag","embeddable":true,"href":"https:\/\/www.enteratever.com\/2023\/wp-json\/wp\/v2\/tags?post=210756"}],"curies":[{"name":"wp","href":"https:\/\/api.w.org\/{rel}","templated":true}]}}