{"id":210706,"date":"2024-06-05T10:24:17","date_gmt":"2024-06-05T16:24:17","guid":{"rendered":"https:\/\/www.enteratever.com\/2023\/?p=210706"},"modified":"2024-06-05T10:24:17","modified_gmt":"2024-06-05T16:24:17","slug":"vive-en-xalapa-un-junio-cultural","status":"publish","type":"post","link":"https:\/\/www.enteratever.com\/2023\/2024\/06\/05\/vive-en-xalapa-un-junio-cultural\/","title":{"rendered":"Vive en Xalapa un junio cultural"},"content":{"rendered":"<p>Visitas: 0<\/p><p>Xalapa, Ver.- M\u00fasica, teatro, danza, exposiciones, cine y charlas, forman parte de la cartelera cultural que presenta el Ayuntamiento de Xalapa en diversos espacios municipales durante este inicio de mes, para disfrute de la ciudadan\u00eda.<\/p>\n<p>El 5 de junio a las 19:00 horas, en el Museo de la M\u00fasica Veracruzana, Emmanuel Espinoza Salazar dirigir\u00e1 la charla \u201cAcercamiento a la musicolog\u00eda mexicana\u201d, y a la misma hora, en el Teatro J.J. Herrera, se presentar\u00e1 la obra \u201c#128 Cabaret\u201d, Unipersonal de Carmen Conde; el 6 de junio, el Dueto Im\u00e1n amenizar\u00e1 las Tardes de Xallitic.<\/p>\n<p>El 7 de junio a las 18:00 y 19:00 horas, en el Centro Recreativo Xalape\u00f1o (CRX), se inaugurar\u00e1 la exposici\u00f3n \u201cSerendipia\u201d y se realizar\u00e1 el espect\u00e1culo \u201c3 piezas de danza contempor\u00e1nea\u201d. A las 18:00 horas, en el Museo de la M\u00fasica Veracruzana, se develar\u00e1 una placa en homenaje al Dr. Alfonso Moreno Luce.<\/p>\n<p>El 8 de junio a las 17:00 horas, en este \u00faltimo espacio cultural, el Grupo Sonos ofrecer\u00e1 el concierto \u201cEl sue\u00f1o franc\u00e9s\u201d, y a la misma hora, pero en el CRX, Pablo Moti presentar\u00e1 la obra \u201cFragmentos del infinito\u201d.<\/p>\n<p>A las 18:00 y 19:30 horas en el auditorio de la IMAC, se presentar\u00e1 la obra \u201cEl secreto\u201d.<\/p>\n<p>A las 19:00 horas, en el parque Ju\u00e1rez, \u201cApantallarte\u201d estar\u00e1 dedicado a Juan Gabriel y sus 25 a\u00f1os en Bellas Artes.<\/p>\n<p>El 9 de junio a las 17:00 horas, en el Museo de la M\u00fasica Veracruzana, habr\u00e1 un recital de boleros y tango, y en el Barrio de Xallitic se llevar\u00e1 a cabo el show \u201cEn Montecristo hab\u00eda un conde\u201d. El 10 de junio a las 17:00 horas, en el CRX, Metaf\u00edsica Humanista Xalapa impartir\u00e1 clases de metaf\u00edsica, y a las 19:00 horas en el Teatro J.J. Herrera, Pedro D\u00edaz presentar\u00e1 \u201cPretextos para caminar\u201d.<\/p>\n<p>El 11 de junio a las 10:30 horas, en la Benem\u00e9rita Escuela Normal Veracruzana, se presentar\u00e1 la Orquesta Pauta Nueva, y a las 18:00 horas en el Museo de la M\u00fasica Veracruzana, alumnos del Centro de Iniciaci\u00f3n Musical Infantil ofrecer\u00e1n un recital. En el Museo Casa de Xalapa, Paulo C\u00e9sar L\u00f3pez Romero impartir\u00e1 la conferencia \u201cLas colonias agr\u00edcolas de Xalapa\u201d.<\/p>\n<p>El 12 de junio a las 16:00 horas, en el CRX, Jimena Ortiz clausurar\u00e1 el performance \u201cCris\u00e1lida o c\u00f3mo renacer desde el est\u00f3mago\u201d; a las 18:00 horas, se inaugurar\u00e1 la exposici\u00f3n de la Orquesta de C\u00e1mara de Xalapa, y a las 19:00, en el Teatro J.J. Herrera, se presentar\u00e1 el Ensamble Jazzfolk.<\/p>\n<p>El 13 de junio a las 17:00 horas, la Orquesta Universitaria de M\u00fasica Popular estar\u00e1 en las Tardes de Xallitic, y a la misma hora, en el auditorio de la IMAC, la Orquesta de Guitarras de Banderilla ofrecer\u00e1 un concierto. Una hora m\u00e1s tarde, en el Museo de la M\u00fasica Veracruzana, Daniela Marinero presentar\u00e1 el recital de piano \u201cDe Beethoven a Carrillo\u201d.<\/p>\n<p>El 14 de junio a las 18:00 horas, en este \u00faltimo recinto, Mart\u00edn Dom\u00ednguez y Alejandro C\u00e1mara presentar\u00e1n \u201cFagot en tiempos modernos\u201d. El 15 de junio, a las 19:00 horas, en el Teatro J.J. Herrera, Sol Guti\u00e9rrez pondr\u00e1 en escena \u201cLa sombra del diablo\u201d.<\/p>\n<p>Finalmente, el 15 de junio a las 13:00 y 17:00 horas, respectivamente, en el Museo de la M\u00fasica Veracruzana, el Grupo Sotavento ofrecer\u00e1 el concierto \u201cEl viaje de Papalotl\u201d, y los estudiantes de la Facultad de M\u00fasica el recital \u201cTrazo final\u201d. A las 19:00 horas en el CRX, el D\u00fao Trecento realizar\u00e1 la presentaci\u00f3n musical de \u201cEntre manuscritos\u201d.<\/p>\n","protected":false},"excerpt":{"rendered":"<p>Visitas: 0Xalapa, Ver.- M\u00fasica, teatro, danza, exposiciones, cine y charlas, forman parte de la cartelera cultural que presenta el Ayuntamiento de Xalapa en diversos espacios municipales durante este inicio de mes, para disfrute de la ciudadan\u00eda. El 5 de junio a las 19:00 horas, en el Museo de la M\u00fasica Veracruzana, Emmanuel Espinoza Salazar dirigir\u00e1 [&hellip;]<\/p>\n","protected":false},"author":2,"featured_media":210708,"comment_status":"open","ping_status":"open","sticky":false,"template":"","format":"standard","meta":{"footnotes":""},"categories":[237,236],"tags":[],"class_list":{"0":"post-210706","1":"post","2":"type-post","3":"status-publish","4":"format-standard","5":"has-post-thumbnail","7":"category-xalapa","8":"category-zona-centro"},"nelio_content":{"isAutoShareEnabled":true,"autoShareEndMode":"never","automationSources":{"useCustomSentences":false,"customSentences":[]},"followers":[],"suggestedReferences":[],"efiUrl":"","efiAlt":"","highlights":[],"permalinkQueryArgs":[],"series":[]},"_links":{"self":[{"href":"https:\/\/www.enteratever.com\/2023\/wp-json\/wp\/v2\/posts\/210706","targetHints":{"allow":["GET"]}}],"collection":[{"href":"https:\/\/www.enteratever.com\/2023\/wp-json\/wp\/v2\/posts"}],"about":[{"href":"https:\/\/www.enteratever.com\/2023\/wp-json\/wp\/v2\/types\/post"}],"author":[{"embeddable":true,"href":"https:\/\/www.enteratever.com\/2023\/wp-json\/wp\/v2\/users\/2"}],"replies":[{"embeddable":true,"href":"https:\/\/www.enteratever.com\/2023\/wp-json\/wp\/v2\/comments?post=210706"}],"version-history":[{"count":1,"href":"https:\/\/www.enteratever.com\/2023\/wp-json\/wp\/v2\/posts\/210706\/revisions"}],"predecessor-version":[{"id":210709,"href":"https:\/\/www.enteratever.com\/2023\/wp-json\/wp\/v2\/posts\/210706\/revisions\/210709"}],"wp:featuredmedia":[{"embeddable":true,"href":"https:\/\/www.enteratever.com\/2023\/wp-json\/wp\/v2\/media\/210708"}],"wp:attachment":[{"href":"https:\/\/www.enteratever.com\/2023\/wp-json\/wp\/v2\/media?parent=210706"}],"wp:term":[{"taxonomy":"category","embeddable":true,"href":"https:\/\/www.enteratever.com\/2023\/wp-json\/wp\/v2\/categories?post=210706"},{"taxonomy":"post_tag","embeddable":true,"href":"https:\/\/www.enteratever.com\/2023\/wp-json\/wp\/v2\/tags?post=210706"}],"curies":[{"name":"wp","href":"https:\/\/api.w.org\/{rel}","templated":true}]}}