{"id":210653,"date":"2024-06-04T11:25:44","date_gmt":"2024-06-04T17:25:44","guid":{"rendered":"https:\/\/www.enteratever.com\/2023\/?p=210653"},"modified":"2024-06-04T11:25:44","modified_gmt":"2024-06-04T17:25:44","slug":"invita-gacx-a-las-actividades-del-festival-junio-con-ambiente-2024","status":"publish","type":"post","link":"https:\/\/www.enteratever.com\/2023\/2024\/06\/04\/invita-gacx-a-las-actividades-del-festival-junio-con-ambiente-2024\/","title":{"rendered":"Invita GACX a las actividades del Festival Junio con Ambiente 2024"},"content":{"rendered":"<p>Visitas: 3<\/p><p>La Secretar\u00eda de Cultura de Veracruz, en vinculaci\u00f3n con el programa radiof\u00f3nico El Show de la Tierra de Radio Televisi\u00f3n de Veracruz y la Facultad de Ciencias Agr\u00edcolas de la Universidad Veracruzana, invitan a participar en el Festival Junio con Ambiente, celebraci\u00f3n que este a\u00f1o tendr\u00e1 como eje central la restauraci\u00f3n de las tierras, detener la desertificaci\u00f3n y fortalecer la resiliencia a la sequ\u00eda bajo el lema \u201cNuestras tierras. Nuestro futuro. Somos la #Generaci\u00f3nRestauraci\u00f3n\u201d.<\/p>\n<p>Esta fiesta por y para la Tierra y sus habitantes es el resultado del esfuerzo en com\u00fan de la comunidad cient\u00edfica, art\u00edstica y sociedad civil, orquestados por El Show de la Tierra, programa radiof\u00f3nico de RTV, y la Facultad de Ciencias Agr\u00edcolas de la UV, en vinculaci\u00f3n con la Secretar\u00eda de Cultura de Veracruz. Este a\u00f1o se llevar\u00e1 a cabo del mi\u00e9rcoles 5 al viernes 7 de junio con sede en la Galer\u00eda de Arte Contempor\u00e1neo de Xalapa y el foro abierto del \u00c1gora de la Ciudad.<\/p>\n<p>Las actividades comenzar\u00e1n a las 12:00 horas del 5 de junio, D\u00eda Mundial del Medio Ambiente, con la transmisi\u00f3n en vivo de El Show de la Tierra desde la Galer\u00eda de Arte Contempor\u00e1neo de Xalapa. Isela Pacheco y Bruno Rubio, destacados comunicadores, compartir\u00e1n en el programa temas relativos a la importancia de la educaci\u00f3n ambiental y las acciones de preservaci\u00f3n del ambiente.<\/p>\n<p>Posteriormente, en punto de las 18:00 horas se presentar\u00e1 el conversatorio J\u00f3venes y la biodiversidad de Xalapa desde sus historias, vocaciones e investigaciones, con la participaci\u00f3n de estudiantes del posgrado en Ecolog\u00eda Tropical de la Universidad Veracruzana: Cristina S\u00e1nchez Osorio, Luis David Vargas L\u00f3pez, Julieth Natalia Ram\u00edrez Ortiz, Alix Fernanda Rivera S\u00e1nchez, Jessica Guadalupe Landeros L\u00f3pez y Esteban Francisco Ventura; moderados por Beatriz Torres Beristain y Patricia Gerez Fern\u00e1ndez.<\/p>\n<p>El jueves 6 de junio a las 16:00 horas, en la GACX se realizar\u00e1 la presentaci\u00f3n editorial Huertos en instituciones de educaci\u00f3n superior: Relatos y experiencias desde M\u00e9xico, contando con la participaci\u00f3n de Laura Odila Bello Benavides de Cosustenta UV y Gloria Elena Cruz S\u00e1nchez del Instituto de Investigaciones Educativas. Este libro retrata a los huertos en instituciones de educaci\u00f3n superior como mucho m\u00e1s que un grupo de personas manejando plantas con alg\u00fan tipo de uso. Sembrar en la hostilidad de las ciudades es una labor que vuelve a conectar con las ra\u00edces del ser humano, con el campo y con la actividad campesina.<\/p>\n<p>Finalmente, el viernes 7 a las 19:00 horas en el foro abierto del \u00c1gora de la Ciudad se proyectar\u00e1 el documental Deforestaci\u00f3n en el Cofre de Perote, del director Miguel Ehrenzweig, una obra audiovisual que narra la situaci\u00f3n de riesgo que vive el ecosistema del Cofre de Perote debido a la deforestaci\u00f3n, la tala ilegal y los incendios forestales que azotan la regi\u00f3n. Posterior a la proyecci\u00f3n se abrir\u00e1 un espacio de di\u00e1logo entre la comunidad de la monta\u00f1a -como brigadistas y voluntarios-, acad\u00e9micos y asociaciones civiles, junto con la audiencia.<\/p>\n<p>Para conocer las actividades que el Festival Junio con Ambiente ofrece esta emisi\u00f3n visita las redes sociales @GACXalapa, @SECVERoficial y @elshowdeatierraRTV, as\u00ed como el blog http:\/\/gacxalapa.blogspot.com. Todas son gratuitas. Consulta la programaci\u00f3n completa de la Secretar\u00eda de Cultura de Veracruz en la p\u00e1gina web https:\/\/www.culturaveracruz.gob.mx.<\/p>\n","protected":false},"excerpt":{"rendered":"<p>Visitas: 3La Secretar\u00eda de Cultura de Veracruz, en vinculaci\u00f3n con el programa radiof\u00f3nico El Show de la Tierra de Radio Televisi\u00f3n de Veracruz y la Facultad de Ciencias Agr\u00edcolas de la Universidad Veracruzana, invitan a participar en el Festival Junio con Ambiente, celebraci\u00f3n que este a\u00f1o tendr\u00e1 como eje central la restauraci\u00f3n de las tierras, [&hellip;]<\/p>\n","protected":false},"author":2,"featured_media":210656,"comment_status":"open","ping_status":"open","sticky":false,"template":"","format":"standard","meta":{"footnotes":""},"categories":[237,236],"tags":[],"class_list":{"0":"post-210653","1":"post","2":"type-post","3":"status-publish","4":"format-standard","5":"has-post-thumbnail","7":"category-xalapa","8":"category-zona-centro"},"nelio_content":{"isAutoShareEnabled":true,"autoShareEndMode":"never","automationSources":{"useCustomSentences":false,"customSentences":[]},"followers":[],"suggestedReferences":[],"efiUrl":"","efiAlt":"","highlights":[],"permalinkQueryArgs":[],"series":[]},"_links":{"self":[{"href":"https:\/\/www.enteratever.com\/2023\/wp-json\/wp\/v2\/posts\/210653","targetHints":{"allow":["GET"]}}],"collection":[{"href":"https:\/\/www.enteratever.com\/2023\/wp-json\/wp\/v2\/posts"}],"about":[{"href":"https:\/\/www.enteratever.com\/2023\/wp-json\/wp\/v2\/types\/post"}],"author":[{"embeddable":true,"href":"https:\/\/www.enteratever.com\/2023\/wp-json\/wp\/v2\/users\/2"}],"replies":[{"embeddable":true,"href":"https:\/\/www.enteratever.com\/2023\/wp-json\/wp\/v2\/comments?post=210653"}],"version-history":[{"count":1,"href":"https:\/\/www.enteratever.com\/2023\/wp-json\/wp\/v2\/posts\/210653\/revisions"}],"predecessor-version":[{"id":210660,"href":"https:\/\/www.enteratever.com\/2023\/wp-json\/wp\/v2\/posts\/210653\/revisions\/210660"}],"wp:featuredmedia":[{"embeddable":true,"href":"https:\/\/www.enteratever.com\/2023\/wp-json\/wp\/v2\/media\/210656"}],"wp:attachment":[{"href":"https:\/\/www.enteratever.com\/2023\/wp-json\/wp\/v2\/media?parent=210653"}],"wp:term":[{"taxonomy":"category","embeddable":true,"href":"https:\/\/www.enteratever.com\/2023\/wp-json\/wp\/v2\/categories?post=210653"},{"taxonomy":"post_tag","embeddable":true,"href":"https:\/\/www.enteratever.com\/2023\/wp-json\/wp\/v2\/tags?post=210653"}],"curies":[{"name":"wp","href":"https:\/\/api.w.org\/{rel}","templated":true}]}}