{"id":210645,"date":"2024-06-04T11:08:15","date_gmt":"2024-06-04T17:08:15","guid":{"rendered":"https:\/\/www.enteratever.com\/2023\/?p=210645"},"modified":"2024-06-04T11:08:15","modified_gmt":"2024-06-04T17:08:15","slug":"presenta-secver-cartelera-de-junio-en-el-centro-veracruzano-de-las-artes-hugo-arguelles","status":"publish","type":"post","link":"https:\/\/www.enteratever.com\/2023\/2024\/06\/04\/presenta-secver-cartelera-de-junio-en-el-centro-veracruzano-de-las-artes-hugo-arguelles\/","title":{"rendered":"Presenta SECVER cartelera de junio en el Centro Veracruzano de las Artes \u201cHugo Arg\u00fcelles\u201d"},"content":{"rendered":"<p>Visitas: 3<\/p><p>La Secretar\u00eda de Cultura de Veracruz presenta las actividades que el Centro Veracruzano de las Artes \u201cHugo Arg\u00fcelles\u201d ha programado durante el mes de junio, entre las que se encuentran diversos talleres, laboratorios, coloquios, conversatorios, presentaciones editoriales y conciertos.<\/p>\n<p>Los lunes y mi\u00e9rcoles en horario de 18:00 a 20:00 horas, y los viernes de 17:00 a 19:00 horas, Juan Pablo Solano impartir\u00e1 el taller Detr\u00e1s de la nariz: Creaci\u00f3n de un n\u00famero clown. Asimismo, para las y los aficionados al teatro, Iv\u00e1n Barradas impartir\u00e1 el taller Antes de abrir el tel\u00f3n los lunes, mi\u00e9rcoles y viernes, de 18:30 a 20:30 horas.<\/p>\n<p>Contin\u00faa la programaci\u00f3n con el taller Introducci\u00f3n al dibujo de figura humana, que impartir\u00e1 Israel Barr\u00f3n todos los viernes del mes. Se conformar\u00e1n dos grupos, el primero de 16:00 a 18:30 horas y el segundo de 18:30 a 21:00 horas.<\/p>\n<p>Del lunes 3 al s\u00e1bado 12 de junio, de 17:30 a 20:30 horas, se llevar\u00e1 a cabo el Taller de creaci\u00f3n de libro de artista dirigido por Nayani Casta\u00f1eda. Tambi\u00e9n del lunes 3 al mi\u00e9rcoles 12 de junio, pero en modalidad virtual, Carlos Lara realizar\u00e1 el curso Negotendencias en el arte y la cultura, de 17:00 a 19:00 horas.<\/p>\n<p>El lunes 3 de junio en punto de las 18:00 horas se llevar\u00e1 a cabo un Recital de piano y canto a cargo del D\u00fao Matices. La agrupaci\u00f3n est\u00e1 conformada por Jennifer Cancelado y Alba Franco, originarias de Puerto Rico.<\/p>\n<p>El martes 4, viernes 7, martes 11, mi\u00e9rcoles 12 y jueves 13 de junio el Centro de Iniciaci\u00f3n Musical Infantil de la Regi\u00f3n Veracruz (CIMI) ofrecer\u00e1 un programa de recitales y conciertos con egresados de la instituci\u00f3n; en tanto que el  6 de junio en punto de las 18:00 horas se contar\u00e1 con la participaci\u00f3n de Alejandro Dector, quien interpretar\u00e1 piezas cl\u00e1sicas para piano.<\/p>\n<p>El s\u00e1bado 8 de 16:00 a 19:00 horas tendr\u00e1 lugar el coloquio Narrar a Veracruz. Narrativa mexicana moderna y contempor\u00e1nea, donde se mostrar\u00e1n los resultados de las y los alumnos del taller que llev\u00f3 el mismo nombre.<\/p>\n<p>El lunes 10 de junio a las 18:00 horas se llevar\u00e1 a cabo una nueva Sesi\u00f3n de escucha, esta vez dedicada a la presentaci\u00f3n del disco Celio Gonz\u00e1lez Yo tambi\u00e9n le cant\u00e9 al poeta Agust\u00edn Lara. Para presentar esta actividad se contar\u00e1 con Rafael Figueroa y Mariana Cruz como invitados.<\/p>\n<p>Del 17 al 21 de junio de 16:00 a 19:00 horas, Sergio Vargas impartir\u00e1 el taller Dise\u00f1o de proyectos de investigaci\u00f3n y difusi\u00f3n del patrimonio. Adem\u00e1s, finalizando con las actividades musicales en el CEVART, el viernes 21 de junio a las 18:00 horas se realizar\u00e1 la Presentaci\u00f3n art\u00edstica del Taller Coral Municipal de Bellas Artes, con motivo de la Fiesta de la M\u00fasica 2024.<\/p>\n<p>El acad\u00e9mico Rafael Sant\u00edn llevar\u00e1 a cabo el curso en modalidad mixta Promotores y gestores culturales frente a las artes. La primera parte ser\u00e1 virtual, con actividades del 24 y 25 de junio, en horario de 16:00 a 20:00 horas; y la segunda parte se realizar\u00e1 de forma presencial del 26 al 28 de junio, de 18:00 a 21:00 horas. Las y los interesados pueden inscribirse a cualquiera de los talleres en el siguiente formulario: https:\/\/bit.ly\/CEVARTjunio2024.<\/p>\n<p>El lunes 24 de junio a las 18:00 horas tendr\u00e1 lugar otro conversatorio del programa Tercera llamada, con el artista esc\u00e9nico Iv\u00e1n Barradas e invitados. Las actividades del mes concluyen el jueves 27 de junio a las 18:00 horas con la presentaci\u00f3n del t\u00edtulo La casa del silencio. Aproximaci\u00f3n en tres tiempos a los contempor\u00e1neos, de Pedro \u00c1ngel Palou.<\/p>\n<p>La SECVER invita a participar en las actividades que el Centro Veracruzano de las Artes \u201cHugo Arg\u00fcelles\u201d ofrece esta temporada. Todas son gratuitas, con aforo limitado. Para solicitar m\u00e1s informaci\u00f3n puedes comunicarte al tel\u00e9fono 229.932.1332. Conoce la oferta formativa, art\u00edstica y cultural del CEVART y la Secretar\u00eda de Cultura de Veracruz a trav\u00e9s de sus redes sociales Facebook, X e Instagram como @CEVARTsecver y @SECVERoficial.<\/p>\n","protected":false},"excerpt":{"rendered":"<p>Visitas: 3La Secretar\u00eda de Cultura de Veracruz presenta las actividades que el Centro Veracruzano de las Artes \u201cHugo Arg\u00fcelles\u201d ha programado durante el mes de junio, entre las que se encuentran diversos talleres, laboratorios, coloquios, conversatorios, presentaciones editoriales y conciertos. Los lunes y mi\u00e9rcoles en horario de 18:00 a 20:00 horas, y los viernes de [&hellip;]<\/p>\n","protected":false},"author":2,"featured_media":210648,"comment_status":"open","ping_status":"open","sticky":false,"template":"","format":"standard","meta":{"footnotes":""},"categories":[237,236],"tags":[],"class_list":{"0":"post-210645","1":"post","2":"type-post","3":"status-publish","4":"format-standard","5":"has-post-thumbnail","7":"category-xalapa","8":"category-zona-centro"},"nelio_content":{"isAutoShareEnabled":true,"autoShareEndMode":"never","automationSources":{"useCustomSentences":false,"customSentences":[]},"followers":[],"suggestedReferences":[],"efiUrl":"","efiAlt":"","highlights":[],"permalinkQueryArgs":[],"series":[]},"_links":{"self":[{"href":"https:\/\/www.enteratever.com\/2023\/wp-json\/wp\/v2\/posts\/210645","targetHints":{"allow":["GET"]}}],"collection":[{"href":"https:\/\/www.enteratever.com\/2023\/wp-json\/wp\/v2\/posts"}],"about":[{"href":"https:\/\/www.enteratever.com\/2023\/wp-json\/wp\/v2\/types\/post"}],"author":[{"embeddable":true,"href":"https:\/\/www.enteratever.com\/2023\/wp-json\/wp\/v2\/users\/2"}],"replies":[{"embeddable":true,"href":"https:\/\/www.enteratever.com\/2023\/wp-json\/wp\/v2\/comments?post=210645"}],"version-history":[{"count":1,"href":"https:\/\/www.enteratever.com\/2023\/wp-json\/wp\/v2\/posts\/210645\/revisions"}],"predecessor-version":[{"id":210651,"href":"https:\/\/www.enteratever.com\/2023\/wp-json\/wp\/v2\/posts\/210645\/revisions\/210651"}],"wp:featuredmedia":[{"embeddable":true,"href":"https:\/\/www.enteratever.com\/2023\/wp-json\/wp\/v2\/media\/210648"}],"wp:attachment":[{"href":"https:\/\/www.enteratever.com\/2023\/wp-json\/wp\/v2\/media?parent=210645"}],"wp:term":[{"taxonomy":"category","embeddable":true,"href":"https:\/\/www.enteratever.com\/2023\/wp-json\/wp\/v2\/categories?post=210645"},{"taxonomy":"post_tag","embeddable":true,"href":"https:\/\/www.enteratever.com\/2023\/wp-json\/wp\/v2\/tags?post=210645"}],"curies":[{"name":"wp","href":"https:\/\/api.w.org\/{rel}","templated":true}]}}