{"id":210642,"date":"2024-06-04T11:08:11","date_gmt":"2024-06-04T17:08:11","guid":{"rendered":"https:\/\/www.enteratever.com\/2023\/?p=210642"},"modified":"2024-06-04T19:27:14","modified_gmt":"2024-06-05T01:27:14","slug":"conoce-el-trabajo-de-nuestros-artistas-pecda-5-0-en-la-gacx","status":"publish","type":"post","link":"https:\/\/www.enteratever.com\/2023\/2024\/06\/04\/conoce-el-trabajo-de-nuestros-artistas-pecda-5-0-en-la-gacx\/","title":{"rendered":"Conoce el trabajo de \u201cNuestros Artistas PECDA 5.0\u201d en la GACX"},"content":{"rendered":"<p>Visitas: 3<\/p><p>La Secretar\u00eda de Cultura de Veracruz invita a las actividades del programa Nuestros Artistas PECDA 5.0 que tendr\u00e1n lugar en la Galer\u00eda de Arte Contempor\u00e1neo de Xalapa. Conoce la propuesta visual Somnograf\u00edas y el poemario Malec\u00f3n (o el inevitable ritmo de las cosas) el jueves 6 y martes 11 de junio a las 18:00 horas, respectivamente, en el auditorio de la GACX. La entrada es gratuita.<\/p>\n<p>El Programa de Est\u00edmulo a la Creaci\u00f3n y al Desarrollo Art\u00edstico (PECDA Veracruz) ha impulsado la creaci\u00f3n y carrera art\u00edstica de las y los creadores del estado desde 1994. La SECVER promueve los proyectos art\u00edsticos que las y los seleccionados han desarrollado con este est\u00edmulo a trav\u00e9s del programa Nuestros Artistas PECDA, que en esta ocasi\u00f3n contar\u00e1 con conciertos, obras de teatro, lecturas, charlas, conferencias y exposiciones, resultado del trabajo de los 48 beneficiarios del PECDA Veracruz 2023 en 7 disciplinas: Artes visuales, Arquitectura, Danza, Letras, Medios audiovisuales, M\u00fasica, y Teatro.<\/p>\n<p>El jueves 6 de junio, la artista pl\u00e1stica Elisa Rodr\u00edguez Malo presentar\u00e1 el proyecto Somnograf\u00edas. Representaciones visuales entre el sue\u00f1o y la vigilia, propuesta que consta de m\u00e1s 180 dibujos que posteriormente conformar\u00e1n una exposici\u00f3n. Elisa Malo es egresada de la Escuela Nacional de Pintura, Escultura y Grabado \u00abLa Esmeralda\u00bb. Cuenta con cinco exposiciones individuales y ha expuesto de manera colectiva en pa\u00edses como M\u00e9xico, Estados Unidos, Costa Rica, Brasil y Jap\u00f3n. Actualmente cursa la Maestr\u00eda en Artes Visuales de la UNAM. Vive y trabaja en la Ciudad de M\u00e9xico, donde desarrolla su investigaci\u00f3n sobre el espacio on\u00edrico.<\/p>\n<p>El martes 11 de junio se presentar\u00e1 el proyecto editorial Malec\u00f3n (o el inevitable ritmo de las cosas), manuscrito de libro de poes\u00eda y prosa po\u00e9tica del creador Lino Monanegi. Esta antolog\u00eda personal buscar\u00e1 su publicaci\u00f3n en formato ebook con el prop\u00f3sito de evitar los altos costos de producci\u00f3n del libro impreso. Monanegi estudi\u00f3 Lengua y Literatura Hisp\u00e1nicas en la Universidad Veracruzana, trabaj\u00f3 en la Direcci\u00f3n de Difusi\u00f3n Cultural de la UV, as\u00ed como en la Coordinaci\u00f3n General de la Feria Internacional del Libro Universitario UV. Fue beneficiario del Programa de Est\u00edmulos al Desarrollo Art\u00edstico (PECDA) Veracruz en la categor\u00eda de J\u00f3venes Creadores, por el g\u00e9nero de ensayo (emisi\u00f3n XIX, 2013-2014). Actualmente es editor de obras literarias y este a\u00f1o publicar\u00e1 su libro El ventr\u00edlocuo oculto. Conversaciones.<\/p>\n<p>La SECVER reitera la invitaci\u00f3n a las presentaciones del programa Nuestros Artistas PECDA 5.0 en la Galer\u00eda de Arte Contempor\u00e1neo de Xalapa, los d\u00edas jueves 6 y martes 11 de junio a las 18:00 horas. Para conocer las actividades de la GACX visita la p\u00e1gina de Facebook @GACXalapa y su blog http:\/\/gacxalapa.blogspot.com. Consulta la gran oferta cultural de la Secretar\u00eda en el sitio web https:\/\/www.culturaveracruz.gob.mx.<\/p>\n","protected":false},"excerpt":{"rendered":"<p>Visitas: 3La Secretar\u00eda de Cultura de Veracruz invita a las actividades del programa Nuestros Artistas PECDA 5.0 que tendr\u00e1n lugar en la Galer\u00eda de Arte Contempor\u00e1neo de Xalapa. Conoce la propuesta visual Somnograf\u00edas y el poemario Malec\u00f3n (o el inevitable ritmo de las cosas) el jueves 6 y martes 11 de junio a las 18:00 [&hellip;]<\/p>\n","protected":false},"author":2,"featured_media":210646,"comment_status":"open","ping_status":"open","sticky":false,"template":"","format":"standard","meta":{"footnotes":""},"categories":[237,236],"tags":[],"class_list":{"0":"post-210642","1":"post","2":"type-post","3":"status-publish","4":"format-standard","5":"has-post-thumbnail","7":"category-xalapa","8":"category-zona-centro"},"nelio_content":{"isAutoShareEnabled":true,"autoShareEndMode":"never","automationSources":{"useCustomSentences":false,"customSentences":[]},"followers":[],"suggestedReferences":[],"efiUrl":"","efiAlt":"","highlights":[],"permalinkQueryArgs":[],"series":[]},"_links":{"self":[{"href":"https:\/\/www.enteratever.com\/2023\/wp-json\/wp\/v2\/posts\/210642","targetHints":{"allow":["GET"]}}],"collection":[{"href":"https:\/\/www.enteratever.com\/2023\/wp-json\/wp\/v2\/posts"}],"about":[{"href":"https:\/\/www.enteratever.com\/2023\/wp-json\/wp\/v2\/types\/post"}],"author":[{"embeddable":true,"href":"https:\/\/www.enteratever.com\/2023\/wp-json\/wp\/v2\/users\/2"}],"replies":[{"embeddable":true,"href":"https:\/\/www.enteratever.com\/2023\/wp-json\/wp\/v2\/comments?post=210642"}],"version-history":[{"count":1,"href":"https:\/\/www.enteratever.com\/2023\/wp-json\/wp\/v2\/posts\/210642\/revisions"}],"predecessor-version":[{"id":210650,"href":"https:\/\/www.enteratever.com\/2023\/wp-json\/wp\/v2\/posts\/210642\/revisions\/210650"}],"wp:featuredmedia":[{"embeddable":true,"href":"https:\/\/www.enteratever.com\/2023\/wp-json\/wp\/v2\/media\/210646"}],"wp:attachment":[{"href":"https:\/\/www.enteratever.com\/2023\/wp-json\/wp\/v2\/media?parent=210642"}],"wp:term":[{"taxonomy":"category","embeddable":true,"href":"https:\/\/www.enteratever.com\/2023\/wp-json\/wp\/v2\/categories?post=210642"},{"taxonomy":"post_tag","embeddable":true,"href":"https:\/\/www.enteratever.com\/2023\/wp-json\/wp\/v2\/tags?post=210642"}],"curies":[{"name":"wp","href":"https:\/\/api.w.org\/{rel}","templated":true}]}}