{"id":210561,"date":"2024-06-02T19:14:50","date_gmt":"2024-06-03T01:14:50","guid":{"rendered":"https:\/\/www.enteratever.com\/2023\/?p=210561"},"modified":"2024-06-02T19:14:50","modified_gmt":"2024-06-03T01:14:50","slug":"pepe-yunes-se-declara-ganador-a-la-gubernatura-de-veracruz","status":"publish","type":"post","link":"https:\/\/www.enteratever.com\/2023\/2024\/06\/02\/pepe-yunes-se-declara-ganador-a-la-gubernatura-de-veracruz\/","title":{"rendered":"Pepe Yunes se declara ganador a la gubernatura de Veracruz"},"content":{"rendered":"<p>Visitas: 6<\/p><p>El candidato del PRI-PAN-PRD a la gubernatura de Veracruz, Pepe Yunes, se declar\u00f3 ganador de la contienda electoral de este domingo para suceder a Cuitl\u00e1huac Garc\u00eda.<\/p>\n<p>En conferencia de prensa desde la ciudad de Xalapa, el pri\u00edsta dijo que de acuerdo a los resultados internos se posicion\u00f3 en una clara ventaja sobre la candidata de Morena, Roc\u00edo Nahle.<\/p>\n<p>Es de mencionar que en el candidato, tard\u00f3 en ofrecer el mensaje debido a que saludaba a su equipo de trabajo y los presentes que se encontraban en el inmueble.<\/p>\n<p>Es de mencionar que, a partir de las 20:00 horas del domingo la ciudadan\u00eda puede consultar el Programa de Resultados Electorales Preliminares (PREP) para conocer c\u00f3mo van los resultados de las elecciones.<\/p>\n<p>XEU<\/p>\n","protected":false},"excerpt":{"rendered":"<p>Visitas: 6El candidato del PRI-PAN-PRD a la gubernatura de Veracruz, Pepe Yunes, se declar\u00f3 ganador de la contienda electoral de este domingo para suceder a Cuitl\u00e1huac Garc\u00eda. En conferencia de prensa desde la ciudad de Xalapa, el pri\u00edsta dijo que de acuerdo a los resultados internos se posicion\u00f3 en una clara ventaja sobre la candidata [&hellip;]<\/p>\n","protected":false},"author":2,"featured_media":210563,"comment_status":"open","ping_status":"open","sticky":false,"template":"","format":"standard","meta":{"footnotes":""},"categories":[237,236],"tags":[41],"class_list":{"0":"post-210561","1":"post","2":"type-post","3":"status-publish","4":"format-standard","5":"has-post-thumbnail","7":"category-xalapa","8":"category-zona-centro","9":"tag-portada"},"nelio_content":{"isAutoShareEnabled":true,"autoShareEndMode":"never","automationSources":{"useCustomSentences":false,"customSentences":[]},"followers":[],"suggestedReferences":[],"efiUrl":"","efiAlt":"","highlights":[],"permalinkQueryArgs":[],"series":[]},"_links":{"self":[{"href":"https:\/\/www.enteratever.com\/2023\/wp-json\/wp\/v2\/posts\/210561","targetHints":{"allow":["GET"]}}],"collection":[{"href":"https:\/\/www.enteratever.com\/2023\/wp-json\/wp\/v2\/posts"}],"about":[{"href":"https:\/\/www.enteratever.com\/2023\/wp-json\/wp\/v2\/types\/post"}],"author":[{"embeddable":true,"href":"https:\/\/www.enteratever.com\/2023\/wp-json\/wp\/v2\/users\/2"}],"replies":[{"embeddable":true,"href":"https:\/\/www.enteratever.com\/2023\/wp-json\/wp\/v2\/comments?post=210561"}],"version-history":[{"count":1,"href":"https:\/\/www.enteratever.com\/2023\/wp-json\/wp\/v2\/posts\/210561\/revisions"}],"predecessor-version":[{"id":210566,"href":"https:\/\/www.enteratever.com\/2023\/wp-json\/wp\/v2\/posts\/210561\/revisions\/210566"}],"wp:featuredmedia":[{"embeddable":true,"href":"https:\/\/www.enteratever.com\/2023\/wp-json\/wp\/v2\/media\/210563"}],"wp:attachment":[{"href":"https:\/\/www.enteratever.com\/2023\/wp-json\/wp\/v2\/media?parent=210561"}],"wp:term":[{"taxonomy":"category","embeddable":true,"href":"https:\/\/www.enteratever.com\/2023\/wp-json\/wp\/v2\/categories?post=210561"},{"taxonomy":"post_tag","embeddable":true,"href":"https:\/\/www.enteratever.com\/2023\/wp-json\/wp\/v2\/tags?post=210561"}],"curies":[{"name":"wp","href":"https:\/\/api.w.org\/{rel}","templated":true}]}}