{"id":210524,"date":"2024-06-02T09:07:07","date_gmt":"2024-06-02T15:07:07","guid":{"rendered":"https:\/\/www.enteratever.com\/2023\/?p=210524"},"modified":"2024-06-02T09:07:07","modified_gmt":"2024-06-02T15:07:07","slug":"atacan-camioneta-en-la-que-viajaba-dirigente-de-movimiento-ciudadano-en-veracruz","status":"publish","type":"post","link":"https:\/\/www.enteratever.com\/2023\/2024\/06\/02\/atacan-camioneta-en-la-que-viajaba-dirigente-de-movimiento-ciudadano-en-veracruz\/","title":{"rendered":"Atacan camioneta en la que viajaba dirigente de Movimiento Ciudadano en Veracruz"},"content":{"rendered":"<p>Visitas: 1<\/p><p>El dirigente estatal de Movimiento Ciudadano, Sergio Gil Rull\u00e1n, denunci\u00f3 que la camioneta en la que viajaba fue atacada en la ciudad de Xalapa.<\/p>\n<p>En redes sociales, Gil Rull\u00e1n, mencion\u00f3 que el hecho se registr\u00f3 en la avenida L\u00e1zaro C\u00e1rdenas a la altura del paso a desnivel de Araucarias.<\/p>\n<p>\u00abVenimos saliendo de la oficina, por la avenida L\u00e1zaro C\u00e1rdenas, desde la parte superior nos aventaron un objeto, supongo que una roca, que impact\u00f3 el veh\u00edculo de lado del copiloto\u00bb, dijo.<\/p>\n<p>El dirigente de MC acudi\u00f3 a la Fiscal\u00eda General del Estado, con el fin de denunciar lo ocurrido, sin embargo, se encontr\u00f3 con que no hab\u00eda fiscales.<\/p>\n<p>\u00abNo podemos dejar de denunciar cualquier acto que pueda ser de violencia\u00bb, se\u00f1al\u00f3.<\/p>\n<p>XEU<\/p>\n","protected":false},"excerpt":{"rendered":"<p>Visitas: 1El dirigente estatal de Movimiento Ciudadano, Sergio Gil Rull\u00e1n, denunci\u00f3 que la camioneta en la que viajaba fue atacada en la ciudad de Xalapa. En redes sociales, Gil Rull\u00e1n, mencion\u00f3 que el hecho se registr\u00f3 en la avenida L\u00e1zaro C\u00e1rdenas a la altura del paso a desnivel de Araucarias. \u00abVenimos saliendo de la oficina, [&hellip;]<\/p>\n","protected":false},"author":2,"featured_media":210525,"comment_status":"open","ping_status":"open","sticky":false,"template":"","format":"standard","meta":{"footnotes":""},"categories":[237,236],"tags":[41],"class_list":{"0":"post-210524","1":"post","2":"type-post","3":"status-publish","4":"format-standard","5":"has-post-thumbnail","7":"category-xalapa","8":"category-zona-centro","9":"tag-portada"},"nelio_content":{"isAutoShareEnabled":true,"autoShareEndMode":"never","automationSources":{"useCustomSentences":false,"customSentences":[]},"followers":[],"suggestedReferences":[],"efiUrl":"","efiAlt":"","highlights":[],"permalinkQueryArgs":[],"series":[]},"_links":{"self":[{"href":"https:\/\/www.enteratever.com\/2023\/wp-json\/wp\/v2\/posts\/210524","targetHints":{"allow":["GET"]}}],"collection":[{"href":"https:\/\/www.enteratever.com\/2023\/wp-json\/wp\/v2\/posts"}],"about":[{"href":"https:\/\/www.enteratever.com\/2023\/wp-json\/wp\/v2\/types\/post"}],"author":[{"embeddable":true,"href":"https:\/\/www.enteratever.com\/2023\/wp-json\/wp\/v2\/users\/2"}],"replies":[{"embeddable":true,"href":"https:\/\/www.enteratever.com\/2023\/wp-json\/wp\/v2\/comments?post=210524"}],"version-history":[{"count":1,"href":"https:\/\/www.enteratever.com\/2023\/wp-json\/wp\/v2\/posts\/210524\/revisions"}],"predecessor-version":[{"id":210526,"href":"https:\/\/www.enteratever.com\/2023\/wp-json\/wp\/v2\/posts\/210524\/revisions\/210526"}],"wp:featuredmedia":[{"embeddable":true,"href":"https:\/\/www.enteratever.com\/2023\/wp-json\/wp\/v2\/media\/210525"}],"wp:attachment":[{"href":"https:\/\/www.enteratever.com\/2023\/wp-json\/wp\/v2\/media?parent=210524"}],"wp:term":[{"taxonomy":"category","embeddable":true,"href":"https:\/\/www.enteratever.com\/2023\/wp-json\/wp\/v2\/categories?post=210524"},{"taxonomy":"post_tag","embeddable":true,"href":"https:\/\/www.enteratever.com\/2023\/wp-json\/wp\/v2\/tags?post=210524"}],"curies":[{"name":"wp","href":"https:\/\/api.w.org\/{rel}","templated":true}]}}