{"id":210483,"date":"2024-05-31T12:44:12","date_gmt":"2024-05-31T18:44:12","guid":{"rendered":"https:\/\/www.enteratever.com\/2023\/?p=210483"},"modified":"2024-05-31T12:44:12","modified_gmt":"2024-05-31T18:44:12","slug":"presenta-secver-talleres-de-canto-y-artes-visuales-en-el-centro-cultural-del-sotavento","status":"publish","type":"post","link":"https:\/\/www.enteratever.com\/2023\/2024\/05\/31\/presenta-secver-talleres-de-canto-y-artes-visuales-en-el-centro-cultural-del-sotavento\/","title":{"rendered":"Presenta SECVER talleres de canto y artes visuales en el Centro Cultural del Sotavento"},"content":{"rendered":"<p>Visitas: 3<\/p><p>La Secretar\u00eda de Cultura de Veracruz invita a participar en los talleres de fotograf\u00eda y canto que se llevar\u00e1n a cabo en el Centro Cultural del Sotavento durante el mes de junio. Las actividades son gratuitas.<\/p>\n<p>Los s\u00e1bados 1, 8 y 15 de junio se llevar\u00e1 a cabo el taller de fotograf\u00eda b\u00e1sica Colores de luz, coordinado por la creadora visual Carolina Carvajal Haro, mejor conocida como Karo Carvajal. Est\u00e1 dirigido a ni\u00f1as y ni\u00f1os de 7 a 14 a\u00f1os, quienes podr\u00e1n aprender los preceptos fotogr\u00e1ficos necesarios para capturar la belleza crom\u00e1tica de su entorno. El objetivo del taller es crear un fanzine que plasme narrativas sensibles y reflexivas sobre la cotidianidad de Tlacotalpan. Incluir\u00e1 la recopilaci\u00f3n de las mejores fotograf\u00edas tomadas por las y los participantes, junto con descripciones que reflejen sus pensamientos y sentimientos al capturar cada imagen. El dise\u00f1o del fanzine se realizar\u00e1 del 17 de junio al 5 de julio y ser\u00e1 presentado en la inauguraci\u00f3n de la exposici\u00f3n P\u00e9talos al viento el s\u00e1bado 6 de julio a las 17:00 horas, en el Centro Cultural del Sotavento.<\/p>\n<p>Del viernes 21 al domingo 23 de junio tendr\u00e1 lugar el taller Repertorio coral, dirigido a directores de coros y docentes, as\u00ed como a integrantes del coro comunitario Voces del R\u00edo Papaloapan, agrupaci\u00f3n de la Red Estatal de Coros y Orquestas Infantiles y Juveniles con sede en el recinto tlacotalpe\u00f1o. A cargo del director coral, compositor y pianista Julio C\u00e9sar Morales Pineda, se desarrollar\u00e1 en sesiones diarias que incluir\u00e1n estiramientos, movimientos y ejercicios de respiraci\u00f3n, iniciaci\u00f3n a la direcci\u00f3n coral y pr\u00e1cticas corales orientadas a la transformaci\u00f3n social. Las y los participantes aprender\u00e1n sobre la clasificaci\u00f3n de las voces, la organizaci\u00f3n del coro, la selecci\u00f3n del repertorio y el cuidado y desarrollo de la afinaci\u00f3n.<\/p>\n<p>La SECVER reitera la invitaci\u00f3n a participar en los talleres del Centro Cultural del Sotavento durante el mes de junio. Las personas interesadas podr\u00e1n solicitar m\u00e1s informaci\u00f3n en las redes sociales @CentroCulturalSotavento. Consulta la programaci\u00f3n completa de la Secretar\u00eda en sus redes sociales Facebook, X e Instagram @SECVERoficial y en el sitio web www.culturaveracruz.gob.mx.<\/p>\n","protected":false},"excerpt":{"rendered":"<p>Visitas: 3La Secretar\u00eda de Cultura de Veracruz invita a participar en los talleres de fotograf\u00eda y canto que se llevar\u00e1n a cabo en el Centro Cultural del Sotavento durante el mes de junio. Las actividades son gratuitas. Los s\u00e1bados 1, 8 y 15 de junio se llevar\u00e1 a cabo el taller de fotograf\u00eda b\u00e1sica Colores [&hellip;]<\/p>\n","protected":false},"author":2,"featured_media":210484,"comment_status":"open","ping_status":"open","sticky":false,"template":"","format":"standard","meta":{"footnotes":""},"categories":[237,236],"tags":[41],"class_list":{"0":"post-210483","1":"post","2":"type-post","3":"status-publish","4":"format-standard","5":"has-post-thumbnail","7":"category-xalapa","8":"category-zona-centro","9":"tag-portada"},"nelio_content":{"isAutoShareEnabled":true,"autoShareEndMode":"never","automationSources":{"useCustomSentences":false,"customSentences":[]},"followers":[],"suggestedReferences":[],"efiUrl":"","efiAlt":"","highlights":[],"permalinkQueryArgs":[],"series":[]},"_links":{"self":[{"href":"https:\/\/www.enteratever.com\/2023\/wp-json\/wp\/v2\/posts\/210483","targetHints":{"allow":["GET"]}}],"collection":[{"href":"https:\/\/www.enteratever.com\/2023\/wp-json\/wp\/v2\/posts"}],"about":[{"href":"https:\/\/www.enteratever.com\/2023\/wp-json\/wp\/v2\/types\/post"}],"author":[{"embeddable":true,"href":"https:\/\/www.enteratever.com\/2023\/wp-json\/wp\/v2\/users\/2"}],"replies":[{"embeddable":true,"href":"https:\/\/www.enteratever.com\/2023\/wp-json\/wp\/v2\/comments?post=210483"}],"version-history":[{"count":1,"href":"https:\/\/www.enteratever.com\/2023\/wp-json\/wp\/v2\/posts\/210483\/revisions"}],"predecessor-version":[{"id":210485,"href":"https:\/\/www.enteratever.com\/2023\/wp-json\/wp\/v2\/posts\/210483\/revisions\/210485"}],"wp:featuredmedia":[{"embeddable":true,"href":"https:\/\/www.enteratever.com\/2023\/wp-json\/wp\/v2\/media\/210484"}],"wp:attachment":[{"href":"https:\/\/www.enteratever.com\/2023\/wp-json\/wp\/v2\/media?parent=210483"}],"wp:term":[{"taxonomy":"category","embeddable":true,"href":"https:\/\/www.enteratever.com\/2023\/wp-json\/wp\/v2\/categories?post=210483"},{"taxonomy":"post_tag","embeddable":true,"href":"https:\/\/www.enteratever.com\/2023\/wp-json\/wp\/v2\/tags?post=210483"}],"curies":[{"name":"wp","href":"https:\/\/api.w.org\/{rel}","templated":true}]}}