{"id":210480,"date":"2024-05-31T12:41:18","date_gmt":"2024-05-31T18:41:18","guid":{"rendered":"https:\/\/www.enteratever.com\/2023\/?p=210480"},"modified":"2024-05-31T12:41:18","modified_gmt":"2024-05-31T18:41:18","slug":"promueve-secver-talleres-sobre-patrimonio-biocultural-en-las-infancias","status":"publish","type":"post","link":"https:\/\/www.enteratever.com\/2023\/2024\/05\/31\/promueve-secver-talleres-sobre-patrimonio-biocultural-en-las-infancias\/","title":{"rendered":"Promueve SECVER talleres sobre patrimonio biocultural en las infancias"},"content":{"rendered":"<p>Visitas: 5<\/p><p>Con el prop\u00f3sito de fomentar la reflexi\u00f3n sobre la importancia del patrimonio biocultural del estado entre las infancias y juventudes, la Secretar\u00eda de Cultura de Veracruz presenta el proyecto Bioculturalidad. Espacios creativos comunitarios, que se llevar\u00e1 a cabo durante los meses de mayo, junio y julio en las localidades de Coatepec, Tlacotalpan, Coetzala y Zongolica.<\/p>\n<p>Esta iniciativa busca promover la identificaci\u00f3n y valoraci\u00f3n de la diversidad biocultural de la entidad veracruzana mediante talleres de gr\u00e1fica dirigidos a ni\u00f1as y ni\u00f1os de 7 a 14 a\u00f1os de edad. Estas propuestas formativas tienen el objetivo de facilitar el di\u00e1logo y el intercambio de saberes sobre la relevancia del patrimonio biocultural presente en los entornos de las y los participantes, permitiendo que las infancias y juventudes plasmen en diversos formatos sus aprendizajes y experiencias, as\u00ed como fomentando la expresi\u00f3n art\u00edstica como medio de comunicaci\u00f3n y reflexi\u00f3n.<\/p>\n<p>Como producto final de los talleres se desarrollar\u00e1n juegos de mesa colectivos, que posteriormente ser\u00e1n digitalizados y publicados para su descarga libre y gratuita a trav\u00e9s de la p\u00e1gina web de la Secretar\u00eda de Cultura de Veracruz. Dichas publicaciones servir\u00e1n como recurso did\u00e1ctico y de difusi\u00f3n, propiciando que las experiencias adquiridas durante el proyecto lleguen a un p\u00fablico m\u00e1s amplio y diverso.<\/p>\n<p>La coordinaci\u00f3n general del proyecto, a cargo del maestro Jos\u00e9 Antonio Platas, propone cuatro talleres orientados a generar im\u00e1genes aprendiendo diversas t\u00e9cnicas gr\u00e1ficas a partir de la observaci\u00f3n del entorno de las y los participantes.<\/p>\n<p>Los s\u00e1bados 25 de mayo, 1, 8 y 15 de junio, de 10:00 a 14:00 horas, se llevar\u00e1 a cabo en el Centro Cultural de Coatepec el taller Reconexiones: estampas bot\u00e1nicas, impartido por la artista gr\u00e1fica Yumali Torres.<\/p>\n<p>El taller de fotograf\u00eda Colores de Luz estar\u00e1 a cargo de Karo Carvajal y tendr\u00e1 lugar los s\u00e1bados 1, 8 y 15 de junio, en el Centro Cultural del Sotavento en Tlacotalpan, en horario de 10:00 a 14:00 horas.<\/p>\n<p>El tercer taller de ilustraci\u00f3n, titulado Tepeyolotl: El Tesoro de la Monta\u00f1a, ser\u00e1 facilitado por el artista multidisciplinario Edgar Alejandro Rivas Campos, \u201cmonoazul\u201d, del 3 de junio al 26 de julio, de lunes a viernes, de 16:00 a 17:30 horas, en la Casa de Cultura Tepeyolotl de Coetzala.<\/p>\n<p>Finalmente, del 17 de junio al 12 de julio, de lunes a jueves, en horario de 17:00 a 19:00 horas, en la Sala de lectura \u00abCe yollo kalli\u00bb, en Zongolica, se realizar\u00e1 el taller de ilustraci\u00f3n Yolkaltzin, impartido por el artista Cuauht\u00e9moc Wetzca. Las personas interesadas en formar parte de los talleres podr\u00e1n registrarse a trav\u00e9s del siguiente formulario: https:\/\/bit.ly\/RegistroBioculturalidad2024.<\/p>\n<p>La Secretar\u00eda de Cultura de Veracruz invita a las infancias y juventudes a participar en los talleres  del proyecto Bioculturalidad. Espacios creativos comunitarios. Consulta todas las actividades que realiza la SECVER a trav\u00e9s del sitio web www.culturaveracruz.gob.mx y las redes sociales @DesarrolloCulturalRegionalSecver y @SECVERoficial.<\/p>\n","protected":false},"excerpt":{"rendered":"<p>Visitas: 5Con el prop\u00f3sito de fomentar la reflexi\u00f3n sobre la importancia del patrimonio biocultural del estado entre las infancias y juventudes, la Secretar\u00eda de Cultura de Veracruz presenta el proyecto Bioculturalidad. Espacios creativos comunitarios, que se llevar\u00e1 a cabo durante los meses de mayo, junio y julio en las localidades de Coatepec, Tlacotalpan, Coetzala y [&hellip;]<\/p>\n","protected":false},"author":2,"featured_media":210481,"comment_status":"open","ping_status":"open","sticky":false,"template":"","format":"standard","meta":{"footnotes":""},"categories":[237,236],"tags":[41],"class_list":{"0":"post-210480","1":"post","2":"type-post","3":"status-publish","4":"format-standard","5":"has-post-thumbnail","7":"category-xalapa","8":"category-zona-centro","9":"tag-portada"},"nelio_content":{"isAutoShareEnabled":true,"autoShareEndMode":"never","automationSources":{"useCustomSentences":false,"customSentences":[]},"followers":[],"suggestedReferences":[],"efiUrl":"","efiAlt":"","highlights":[],"permalinkQueryArgs":[],"series":[]},"_links":{"self":[{"href":"https:\/\/www.enteratever.com\/2023\/wp-json\/wp\/v2\/posts\/210480","targetHints":{"allow":["GET"]}}],"collection":[{"href":"https:\/\/www.enteratever.com\/2023\/wp-json\/wp\/v2\/posts"}],"about":[{"href":"https:\/\/www.enteratever.com\/2023\/wp-json\/wp\/v2\/types\/post"}],"author":[{"embeddable":true,"href":"https:\/\/www.enteratever.com\/2023\/wp-json\/wp\/v2\/users\/2"}],"replies":[{"embeddable":true,"href":"https:\/\/www.enteratever.com\/2023\/wp-json\/wp\/v2\/comments?post=210480"}],"version-history":[{"count":1,"href":"https:\/\/www.enteratever.com\/2023\/wp-json\/wp\/v2\/posts\/210480\/revisions"}],"predecessor-version":[{"id":210482,"href":"https:\/\/www.enteratever.com\/2023\/wp-json\/wp\/v2\/posts\/210480\/revisions\/210482"}],"wp:featuredmedia":[{"embeddable":true,"href":"https:\/\/www.enteratever.com\/2023\/wp-json\/wp\/v2\/media\/210481"}],"wp:attachment":[{"href":"https:\/\/www.enteratever.com\/2023\/wp-json\/wp\/v2\/media?parent=210480"}],"wp:term":[{"taxonomy":"category","embeddable":true,"href":"https:\/\/www.enteratever.com\/2023\/wp-json\/wp\/v2\/categories?post=210480"},{"taxonomy":"post_tag","embeddable":true,"href":"https:\/\/www.enteratever.com\/2023\/wp-json\/wp\/v2\/tags?post=210480"}],"curies":[{"name":"wp","href":"https:\/\/api.w.org\/{rel}","templated":true}]}}