{"id":210423,"date":"2024-05-30T10:37:46","date_gmt":"2024-05-30T16:37:46","guid":{"rendered":"https:\/\/www.enteratever.com\/2023\/?p=210423"},"modified":"2024-05-30T10:37:46","modified_gmt":"2024-05-30T16:37:46","slug":"disfruta-y-adquiere-el-trabajo-de-ceramistas-locales-en-el-jardin-de-las-esculturas","status":"publish","type":"post","link":"https:\/\/www.enteratever.com\/2023\/2024\/05\/30\/disfruta-y-adquiere-el-trabajo-de-ceramistas-locales-en-el-jardin-de-las-esculturas\/","title":{"rendered":"Disfruta y adquiere el trabajo de ceramistas locales en el Jard\u00edn de las Esculturas"},"content":{"rendered":"<p>Visitas: 1<\/p><p>La Secretar\u00eda de Cultura de Veracruz, a trav\u00e9s del Jard\u00edn de las Esculturas, invita a todo el p\u00fablico a conocer y adquirir de primera mano el trabajo de las y los artistas de fuego que forman parte de la amplia comunidad de ceramistas de la regi\u00f3n en la Feria de la Cer\u00e1mica 2024. Este espacio para la promoci\u00f3n y compraventa de su obra art\u00edstica se llevar\u00e1 a cabo el s\u00e1bado 1 y domingo 2, de las 11:00 a las 18:00 horas, en el recinto m\u00e1s verde de la SECVER.<\/p>\n<p>La Feria de la Cer\u00e1mica es un proyecto de gran tradici\u00f3n en la Secretar\u00eda, el cual reconoce la labor del amplio gremio de ceramistas locales, nacionales e internacionales. Tiene el objetivo de promover su trabajo art\u00edstico y crear un espacio para la compraventa y el intercambio colectivo entre p\u00fablico y creadores.<\/p>\n<p>En esta expoventa participar\u00e1n ceramistas con amplias trayectorias y nuevas generaciones de artistas que comienzan a incursionar en esta disciplina, as\u00ed como grupos de alumnas y alumnos de diferentes talleres de la regi\u00f3n. Entre ellos se cuenta a Adele Davison \u2013 Cuatro Flamas, Berenice Beaven \u2013 El \u00c1mbar, Camila Borrel \u2013 El Aguacero, Doris G\u00f3mez y Emma Luisa Lucero \u2013 El Toque Cer\u00e1mico, Emmanuel Zavala, Felisa Aguirre \u2013 El Cuervo, Jos\u00e9 Dorantes, Karime Noguerola, L\u00eda J\u00e1come, Mar\u00eda Torres \u2013 C\u00edrculo cer\u00e1mico, Sa\u00fal Montero, Sully P\u00e9rez, Viviana Romo, el Taller de Cer\u00e1mica de la UV y el taller El Aguacate.<\/p>\n<p>La SECVER reitera la invitaci\u00f3n a la Feria de la Cer\u00e1mica 2024 el s\u00e1bado 1 y domingo 2, de las 11:00 a las 18:00 horas, en el Jard\u00edn de las Esculturas, recinto ubicado en Av. Rafael Murillo Vidal s\/n, col. Cuauht\u00e9moc, en Xalapa, Veracruz. La entrada es gratuita. Consulta la programaci\u00f3n del JEX a trav\u00e9s de las redes Facebook e Instagram @JardinDeLasEsculturas y en el sitio web https:\/\/jex.veracruzcultura.com. Conoce todas las actividades de la Secretar\u00eda en www.culturaveracruz.gob.mx.<\/p>\n<p>#CulturayNatura son una gran combinaci\u00f3n.<\/p>\n","protected":false},"excerpt":{"rendered":"<p>Visitas: 1La Secretar\u00eda de Cultura de Veracruz, a trav\u00e9s del Jard\u00edn de las Esculturas, invita a todo el p\u00fablico a conocer y adquirir de primera mano el trabajo de las y los artistas de fuego que forman parte de la amplia comunidad de ceramistas de la regi\u00f3n en la Feria de la Cer\u00e1mica 2024. Este [&hellip;]<\/p>\n","protected":false},"author":2,"featured_media":210426,"comment_status":"open","ping_status":"open","sticky":false,"template":"","format":"standard","meta":{"footnotes":""},"categories":[237,236],"tags":[],"class_list":{"0":"post-210423","1":"post","2":"type-post","3":"status-publish","4":"format-standard","5":"has-post-thumbnail","7":"category-xalapa","8":"category-zona-centro"},"nelio_content":{"isAutoShareEnabled":true,"autoShareEndMode":"never","automationSources":{"useCustomSentences":false,"customSentences":[]},"followers":[],"suggestedReferences":[],"efiUrl":"","efiAlt":"","highlights":[],"permalinkQueryArgs":[],"series":[]},"_links":{"self":[{"href":"https:\/\/www.enteratever.com\/2023\/wp-json\/wp\/v2\/posts\/210423","targetHints":{"allow":["GET"]}}],"collection":[{"href":"https:\/\/www.enteratever.com\/2023\/wp-json\/wp\/v2\/posts"}],"about":[{"href":"https:\/\/www.enteratever.com\/2023\/wp-json\/wp\/v2\/types\/post"}],"author":[{"embeddable":true,"href":"https:\/\/www.enteratever.com\/2023\/wp-json\/wp\/v2\/users\/2"}],"replies":[{"embeddable":true,"href":"https:\/\/www.enteratever.com\/2023\/wp-json\/wp\/v2\/comments?post=210423"}],"version-history":[{"count":1,"href":"https:\/\/www.enteratever.com\/2023\/wp-json\/wp\/v2\/posts\/210423\/revisions"}],"predecessor-version":[{"id":210429,"href":"https:\/\/www.enteratever.com\/2023\/wp-json\/wp\/v2\/posts\/210423\/revisions\/210429"}],"wp:featuredmedia":[{"embeddable":true,"href":"https:\/\/www.enteratever.com\/2023\/wp-json\/wp\/v2\/media\/210426"}],"wp:attachment":[{"href":"https:\/\/www.enteratever.com\/2023\/wp-json\/wp\/v2\/media?parent=210423"}],"wp:term":[{"taxonomy":"category","embeddable":true,"href":"https:\/\/www.enteratever.com\/2023\/wp-json\/wp\/v2\/categories?post=210423"},{"taxonomy":"post_tag","embeddable":true,"href":"https:\/\/www.enteratever.com\/2023\/wp-json\/wp\/v2\/tags?post=210423"}],"curies":[{"name":"wp","href":"https:\/\/api.w.org\/{rel}","templated":true}]}}