{"id":210422,"date":"2024-05-30T10:37:40","date_gmt":"2024-05-30T16:37:40","guid":{"rendered":"https:\/\/www.enteratever.com\/2023\/?p=210422"},"modified":"2024-05-30T10:37:40","modified_gmt":"2024-05-30T16:37:40","slug":"el-jex-invita-a-la-presentacion-musical-de-jazz-folk-orgullo-veracruzano","status":"publish","type":"post","link":"https:\/\/www.enteratever.com\/2023\/2024\/05\/30\/el-jex-invita-a-la-presentacion-musical-de-jazz-folk-orgullo-veracruzano\/","title":{"rendered":"El JEX invita a la presentaci\u00f3n musical de Jazz Folk Orgullo Veracruzano"},"content":{"rendered":"<p>Visitas: 1<\/p><p>La Secretar\u00eda de Cultura de Veracruz, a trav\u00e9s del Jard\u00edn de las Esculturas, invita a la presentaci\u00f3n musical del grupo Jazz Folk Orgullo Veracruzano. La actividad se realizar\u00e1 el pr\u00f3ximo domingo 2 de junio en punto de las 12:00 horas en los espacios del recinto m\u00e1s verde de la SECVER.<\/p>\n<p>Jazz Folk Orgullo Veracruzano es una agrupaci\u00f3n de reciente creaci\u00f3n derivada de la Coordinaci\u00f3n de Promoci\u00f3n de los Valores C\u00edvicos y Culturales de la Secretar\u00eda de Gobierno del Estado de Veracruz. Se caracteriza por tener un esp\u00edritu con prop\u00f3sito vanguardista, que respeta la esencia ancestral de nuestra identidad regional, pero busca la mezcla de tradici\u00f3n con innovaci\u00f3n para lograr un sonido original y fresco que contribuye al acervo musical y cultural del estado.<\/p>\n<p>El ensamble est\u00e1 conformado por m\u00fasicos de una larga y reconocida trayectoria: el maestro Ricardo Acu\u00f1a en el piano, Rodolfo Hern\u00e1ndez en el saxof\u00f3n, Adri\u00e1n Casas en el bajo el\u00e9ctrico, Mauricio Soto en la bater\u00eda y Ariel Dorantes en el arpa. Ellos combinar\u00e1n elementos representativos del estado de Veracruz, como el arpa, el son jarocho y los grandes compositores e int\u00e9rpretes de la regi\u00f3n, con la atm\u00f3sfera, el estilo y la musicalidad del jazz.<\/p>\n<p>La SECVER reitera su invitaci\u00f3n a la presentaci\u00f3n musical de Jazz Folk Orgullo Veracruzano el domingo 2 de junio en punto de las 12:00 horas en el patio central del Jard\u00edn de las Esculturas, recinto ubicado en Av. Murillo Vidal s\/n, Esq. Av. L\u00e1zaro C\u00e1rdenas. Conoce la cartelera del mes de junio del JEX a trav\u00e9s de sus redes sociales en Facebook e Instagram @JardinDeLasEsculturas, as\u00ed como en el sitio web https:\/\/jex.veracruzcultura.com. Consulta la oferta cultural de la Secretar\u00eda de Cultura de Veracruz en www.culturaveracruz.gob.mx. <\/p>\n<p>#CulturayNatura son una gran combinaci\u00f3n.<\/p>\n","protected":false},"excerpt":{"rendered":"<p>Visitas: 1La Secretar\u00eda de Cultura de Veracruz, a trav\u00e9s del Jard\u00edn de las Esculturas, invita a la presentaci\u00f3n musical del grupo Jazz Folk Orgullo Veracruzano. La actividad se realizar\u00e1 el pr\u00f3ximo domingo 2 de junio en punto de las 12:00 horas en los espacios del recinto m\u00e1s verde de la SECVER. Jazz Folk Orgullo Veracruzano [&hellip;]<\/p>\n","protected":false},"author":2,"featured_media":210424,"comment_status":"open","ping_status":"open","sticky":false,"template":"","format":"standard","meta":{"footnotes":""},"categories":[237,236],"tags":[],"class_list":{"0":"post-210422","1":"post","2":"type-post","3":"status-publish","4":"format-standard","5":"has-post-thumbnail","7":"category-xalapa","8":"category-zona-centro"},"nelio_content":{"isAutoShareEnabled":true,"autoShareEndMode":"never","automationSources":{"useCustomSentences":false,"customSentences":[]},"followers":[],"suggestedReferences":[],"efiUrl":"","efiAlt":"","highlights":[],"permalinkQueryArgs":[],"series":[]},"_links":{"self":[{"href":"https:\/\/www.enteratever.com\/2023\/wp-json\/wp\/v2\/posts\/210422","targetHints":{"allow":["GET"]}}],"collection":[{"href":"https:\/\/www.enteratever.com\/2023\/wp-json\/wp\/v2\/posts"}],"about":[{"href":"https:\/\/www.enteratever.com\/2023\/wp-json\/wp\/v2\/types\/post"}],"author":[{"embeddable":true,"href":"https:\/\/www.enteratever.com\/2023\/wp-json\/wp\/v2\/users\/2"}],"replies":[{"embeddable":true,"href":"https:\/\/www.enteratever.com\/2023\/wp-json\/wp\/v2\/comments?post=210422"}],"version-history":[{"count":1,"href":"https:\/\/www.enteratever.com\/2023\/wp-json\/wp\/v2\/posts\/210422\/revisions"}],"predecessor-version":[{"id":210427,"href":"https:\/\/www.enteratever.com\/2023\/wp-json\/wp\/v2\/posts\/210422\/revisions\/210427"}],"wp:featuredmedia":[{"embeddable":true,"href":"https:\/\/www.enteratever.com\/2023\/wp-json\/wp\/v2\/media\/210424"}],"wp:attachment":[{"href":"https:\/\/www.enteratever.com\/2023\/wp-json\/wp\/v2\/media?parent=210422"}],"wp:term":[{"taxonomy":"category","embeddable":true,"href":"https:\/\/www.enteratever.com\/2023\/wp-json\/wp\/v2\/categories?post=210422"},{"taxonomy":"post_tag","embeddable":true,"href":"https:\/\/www.enteratever.com\/2023\/wp-json\/wp\/v2\/tags?post=210422"}],"curies":[{"name":"wp","href":"https:\/\/api.w.org\/{rel}","templated":true}]}}