{"id":210421,"date":"2024-05-30T10:37:43","date_gmt":"2024-05-30T16:37:43","guid":{"rendered":"https:\/\/www.enteratever.com\/2023\/?p=210421"},"modified":"2024-05-30T10:37:43","modified_gmt":"2024-05-30T16:37:43","slug":"invita-secver-al-curso-en-linea-negotendencias-en-el-arte-y-la-cultura","status":"publish","type":"post","link":"https:\/\/www.enteratever.com\/2023\/2024\/05\/30\/invita-secver-al-curso-en-linea-negotendencias-en-el-arte-y-la-cultura\/","title":{"rendered":"Invita SECVER al curso en l\u00ednea \u201cNegotendencias en el arte y la cultura\u201d"},"content":{"rendered":"<p>Visitas: 1<\/p><p>La Secretar\u00eda de Cultura de Veracruz, a trav\u00e9s del Centro Veracruzano de las Artes \u201cHugo Arg\u00fcelles\u201d, invita a participar en el curso virtual Negotendencias en el arte y la cultura. La actividad ser\u00e1 impartida por el doctor Carlos Lara del 3 al 12 de junio, de lunes a mi\u00e9rcoles, de 17:00 a 19:00 horas, a trav\u00e9s de la plataforma de videoconferencias Zoom.<\/p>\n<p>Considerando que la m\u00fasica, la literatura y el arte mismo ya no son objetos que uno posee, sino algo a lo que se tiene acceso m\u00f3vil y que se puede disfrutar desde cualquier dispositivo a partir de una suscripci\u00f3n general, este curso busca mostrar nuevos modelos de gesti\u00f3n y competencias que entiendan bien las negotendencias en el campo de la creaci\u00f3n, la promoci\u00f3n y el consumo de bienes y servicios culturales. Las y los asistentes podr\u00e1n conocer las bases del estado digital del arte y la cultura, as\u00ed como las nuevas estrategias de gesti\u00f3n requeridas para promover este campo de desarrollo desde el \u00e1mbito p\u00fablico y privado.<\/p>\n<p>Las sesiones estar\u00e1n a cargo de Carlos Lara, doctor en Derecho de la Cultura por la Universidad Carlos III de Madrid, m\u00e1ster en Comunicaci\u00f3n con especialidad en Difusi\u00f3n de la Ciencia y la Cultura por el Instituto de Estudios Superiores de Occidente y licenciado en Ciencias T\u00e9cnicas de la Comunicaci\u00f3n por la Universidad del Valle de Atemajac. Es autor de m\u00e1s de diez libros sobre cultura y desarrollo, as\u00ed como de diversos ensayos acerca de comunicaci\u00f3n, cultura y consumo cultural algor\u00edtmico. Ha trabajado en la Secretar\u00eda de Cultura federal, como asesor parlamentario para la Secretar\u00eda de Educaci\u00f3n P\u00fablica y ha impulsado la reforma cultural en M\u00e9xico. Es socio fundador de Art\u00edculo 27 S.C., despacho dedicado al litigio estrat\u00e9gico en materia de arte, cultura y derechos culturales.<\/p>\n<p>La SECVER reitera la invitaci\u00f3n al curso en l\u00ednea Negotendencias en el arte y la cultura. La actividad es gratuita, con cupo limitado. Las personas interesadas pueden inscribirse a trav\u00e9s del siguiente enlace: https:\/\/bit.ly\/CEVARTjunio2024. Conoce la oferta cultural del CEVART y la Secretar\u00eda de Cultura de Veracruz a trav\u00e9s de sus redes sociales @CEVARTsecver y @SECVERoficial y en el sitio web www.culturaveracruz.gob.mx.<\/p>\n","protected":false},"excerpt":{"rendered":"<p>Visitas: 1La Secretar\u00eda de Cultura de Veracruz, a trav\u00e9s del Centro Veracruzano de las Artes \u201cHugo Arg\u00fcelles\u201d, invita a participar en el curso virtual Negotendencias en el arte y la cultura. La actividad ser\u00e1 impartida por el doctor Carlos Lara del 3 al 12 de junio, de lunes a mi\u00e9rcoles, de 17:00 a 19:00 horas, [&hellip;]<\/p>\n","protected":false},"author":2,"featured_media":210425,"comment_status":"open","ping_status":"open","sticky":false,"template":"","format":"standard","meta":{"footnotes":""},"categories":[237,236],"tags":[],"class_list":{"0":"post-210421","1":"post","2":"type-post","3":"status-publish","4":"format-standard","5":"has-post-thumbnail","7":"category-xalapa","8":"category-zona-centro"},"nelio_content":{"isAutoShareEnabled":true,"autoShareEndMode":"never","automationSources":{"useCustomSentences":false,"customSentences":[]},"followers":[],"suggestedReferences":[],"efiUrl":"","efiAlt":"","highlights":[],"permalinkQueryArgs":[],"series":[]},"_links":{"self":[{"href":"https:\/\/www.enteratever.com\/2023\/wp-json\/wp\/v2\/posts\/210421","targetHints":{"allow":["GET"]}}],"collection":[{"href":"https:\/\/www.enteratever.com\/2023\/wp-json\/wp\/v2\/posts"}],"about":[{"href":"https:\/\/www.enteratever.com\/2023\/wp-json\/wp\/v2\/types\/post"}],"author":[{"embeddable":true,"href":"https:\/\/www.enteratever.com\/2023\/wp-json\/wp\/v2\/users\/2"}],"replies":[{"embeddable":true,"href":"https:\/\/www.enteratever.com\/2023\/wp-json\/wp\/v2\/comments?post=210421"}],"version-history":[{"count":1,"href":"https:\/\/www.enteratever.com\/2023\/wp-json\/wp\/v2\/posts\/210421\/revisions"}],"predecessor-version":[{"id":210428,"href":"https:\/\/www.enteratever.com\/2023\/wp-json\/wp\/v2\/posts\/210421\/revisions\/210428"}],"wp:featuredmedia":[{"embeddable":true,"href":"https:\/\/www.enteratever.com\/2023\/wp-json\/wp\/v2\/media\/210425"}],"wp:attachment":[{"href":"https:\/\/www.enteratever.com\/2023\/wp-json\/wp\/v2\/media?parent=210421"}],"wp:term":[{"taxonomy":"category","embeddable":true,"href":"https:\/\/www.enteratever.com\/2023\/wp-json\/wp\/v2\/categories?post=210421"},{"taxonomy":"post_tag","embeddable":true,"href":"https:\/\/www.enteratever.com\/2023\/wp-json\/wp\/v2\/tags?post=210421"}],"curies":[{"name":"wp","href":"https:\/\/api.w.org\/{rel}","templated":true}]}}