{"id":210376,"date":"2024-05-29T10:24:31","date_gmt":"2024-05-29T16:24:31","guid":{"rendered":"https:\/\/www.enteratever.com\/2023\/?p=210376"},"modified":"2024-05-29T10:24:31","modified_gmt":"2024-05-29T16:24:31","slug":"secver-invita-a-participar-en-el-taller-el-modelo-de-negocio-y-gestion-cultural-todo-en-un-solo-lienzo","status":"publish","type":"post","link":"https:\/\/www.enteratever.com\/2023\/2024\/05\/29\/secver-invita-a-participar-en-el-taller-el-modelo-de-negocio-y-gestion-cultural-todo-en-un-solo-lienzo\/","title":{"rendered":"SECVER invita a participar en el taller \u201cEl modelo de negocio y gesti\u00f3n cultural, todo en un solo lienzo\u201d"},"content":{"rendered":"<p>Visitas: 1<\/p><p>La Secretar\u00eda de Cultura de Veracruz, a trav\u00e9s del Programa de Empresas Culturales y Creativas Veracruzanas, convoca a personas dedicadas a las creaci\u00f3n, gesti\u00f3n y emprendedurismo a participar en el taller El modelo de negocio y gesti\u00f3n cultural todo en un solo lienzo, que tendr\u00e1 lugar del 5 al 8 de junio de 16:00 a 20:00 horas, en el Mezanine del Teatro del Estado \u201cGral. Ignacio de la Llave\u201d, en la ciudad de Xalapa, actividad que se realiza como parte de la quinta edici\u00f3n del Mercado de Empresas Culturales y Creativas Veracruzanas 2024.<\/p>\n<p>Durante cuatro d\u00edas intensivos, las y los participantes tendr\u00e1n la oportunidad de explorar estrategias innovadoras para desarrollar modelos de negocio sostenibles en el campo de la gesti\u00f3n cultural. Las sesiones abordar\u00e1n temas clave como: la planificaci\u00f3n estrat\u00e9gica, la elaboraci\u00f3n de presupuestos, la promoci\u00f3n y comercializaci\u00f3n de proyectos culturales, entre otros.<\/p>\n<p>Este taller ser\u00e1 impartido por Diana Murrieta Pazos, quien cuenta con experiencia en gesti\u00f3n cultural y una amplia trayectoria en el \u00e1mbito art\u00edstico y compartir\u00e1 su amplia experiencia y conocimientos en el campo de la gesti\u00f3n cultural, ofreciendo herramientas pr\u00e1cticas y consejos \u00fatiles para enfrentar los desaf\u00edos del mundo cultural contempor\u00e1neo. Los participantes aprender\u00e1n a desarrollar estrategias efectivas para gestionar proyectos culturales de manera exitosa y sostenible.<\/p>\n<p>La SECVER reitera su invitaci\u00f3n a participar en el taller El modelo de negocio y gesti\u00f3n cultural todo en un solo lienzo, del 5 al 8 de junio de 16:00 a 20:00 horas en las instalaciones del Teatro del Estado \u201cGral. Ignacio de la Llave\u201d, en Xalapa, Veracruz. Es indispensable que las personas interesadas realicen su registro a trav\u00e9s del enlace https:\/\/bit.ly\/TalleresMECCVER24.<\/p>\n<p>Para conocer las actividades del Programa de Empresas Culturales y Creativas visita la p\u00e1gina de Facebook @EmprendeCulturaSECVER, y consulta todas las actividades de la Secretar\u00eda de Cultura de Veracruz en el sitio web www.culturaveracruz.gob.mx.<\/p>\n","protected":false},"excerpt":{"rendered":"<p>Visitas: 1La Secretar\u00eda de Cultura de Veracruz, a trav\u00e9s del Programa de Empresas Culturales y Creativas Veracruzanas, convoca a personas dedicadas a las creaci\u00f3n, gesti\u00f3n y emprendedurismo a participar en el taller El modelo de negocio y gesti\u00f3n cultural todo en un solo lienzo, que tendr\u00e1 lugar del 5 al 8 de junio de 16:00 [&hellip;]<\/p>\n","protected":false},"author":2,"featured_media":210379,"comment_status":"open","ping_status":"open","sticky":false,"template":"","format":"standard","meta":{"footnotes":""},"categories":[237,236],"tags":[],"class_list":{"0":"post-210376","1":"post","2":"type-post","3":"status-publish","4":"format-standard","5":"has-post-thumbnail","7":"category-xalapa","8":"category-zona-centro"},"nelio_content":{"isAutoShareEnabled":true,"autoShareEndMode":"never","automationSources":{"useCustomSentences":false,"customSentences":[]},"followers":[],"suggestedReferences":[],"efiUrl":"","efiAlt":"","highlights":[],"permalinkQueryArgs":[],"series":[]},"_links":{"self":[{"href":"https:\/\/www.enteratever.com\/2023\/wp-json\/wp\/v2\/posts\/210376","targetHints":{"allow":["GET"]}}],"collection":[{"href":"https:\/\/www.enteratever.com\/2023\/wp-json\/wp\/v2\/posts"}],"about":[{"href":"https:\/\/www.enteratever.com\/2023\/wp-json\/wp\/v2\/types\/post"}],"author":[{"embeddable":true,"href":"https:\/\/www.enteratever.com\/2023\/wp-json\/wp\/v2\/users\/2"}],"replies":[{"embeddable":true,"href":"https:\/\/www.enteratever.com\/2023\/wp-json\/wp\/v2\/comments?post=210376"}],"version-history":[{"count":1,"href":"https:\/\/www.enteratever.com\/2023\/wp-json\/wp\/v2\/posts\/210376\/revisions"}],"predecessor-version":[{"id":210382,"href":"https:\/\/www.enteratever.com\/2023\/wp-json\/wp\/v2\/posts\/210376\/revisions\/210382"}],"wp:featuredmedia":[{"embeddable":true,"href":"https:\/\/www.enteratever.com\/2023\/wp-json\/wp\/v2\/media\/210379"}],"wp:attachment":[{"href":"https:\/\/www.enteratever.com\/2023\/wp-json\/wp\/v2\/media?parent=210376"}],"wp:term":[{"taxonomy":"category","embeddable":true,"href":"https:\/\/www.enteratever.com\/2023\/wp-json\/wp\/v2\/categories?post=210376"},{"taxonomy":"post_tag","embeddable":true,"href":"https:\/\/www.enteratever.com\/2023\/wp-json\/wp\/v2\/tags?post=210376"}],"curies":[{"name":"wp","href":"https:\/\/api.w.org\/{rel}","templated":true}]}}