{"id":210375,"date":"2024-05-29T10:24:12","date_gmt":"2024-05-29T16:24:12","guid":{"rendered":"https:\/\/www.enteratever.com\/2023\/?p=210375"},"modified":"2024-05-29T10:24:12","modified_gmt":"2024-05-29T16:24:12","slug":"presenta-secver-funcion-al-aire-libre-de-la-pelicula-luna-negra-con-la-participacion-del-director","status":"publish","type":"post","link":"https:\/\/www.enteratever.com\/2023\/2024\/05\/29\/presenta-secver-funcion-al-aire-libre-de-la-pelicula-luna-negra-con-la-participacion-del-director\/","title":{"rendered":"Presenta SECVER funci\u00f3n al aire libre de la pel\u00edcula Luna negra, con la participaci\u00f3n del director"},"content":{"rendered":"<p>Visitas: 1<\/p><p>La Secretar\u00eda de Cultura de Veracruz, a trav\u00e9s de Cine SECVER, invita a la proyecci\u00f3n de la pel\u00edcula Luna negra. El llanto de un r\u00edo en el foro abierto del \u00c1gora de la Ciudad. Esta funci\u00f3n al aire libre se llevar\u00e1 a cabo de manera gratuita el mi\u00e9rcoles 29 de mayo a las 19:00 horas, con la presencia del director del filme, el veracruzano Tonatiuh Garc\u00eda.<\/p>\n<p>Luna negra. El llanto de un r\u00edo es protagonizada por Jorge Antonio Guerrero, Eileen Y\u00e1\u00f1ez, Ra\u00fal Briones, Leidi Guti\u00e9rrez, Juan Pablo de Santiago y Dalia Xiuhc\u00f3atl; adem\u00e1s se cont\u00f3 con la activa participaci\u00f3n de los habitantes de Jalcomulco, Veracruz, lugar de filmaci\u00f3n y eje central de la trama. La cinta desarrolla dos vertientes narrativas importantes: recrea, a partir de la ficci\u00f3n, personajes e historias que exploran problem\u00e1ticas socioecon\u00f3micas como la violencia de g\u00e9nero, la migraci\u00f3n, la discriminaci\u00f3n, la desintegraci\u00f3n familiar, el alcoholismo, la marginaci\u00f3n econ\u00f3mica y las agresiones escolares; al mismo tiempo que relata la lucha de los habitantes de Jalcomulco para salvaguardar al r\u00edo La Antigua de las intenciones de explotaci\u00f3n por parte de una empresa que pretende construir una presa.<\/p>\n<p>A menos de un a\u00f1o de haberse estrenado oficialmente, la pel\u00edcula ya se ha exhibido en pa\u00edses como Estados Unidos, Canad\u00e1, Bolivia, Uruguay, Francia, Italia, Inglaterra, L\u00edbano y Rusia; en este \u00faltimo pa\u00eds se present\u00f3 en el 45\u00ba Festival Internacional de Cine de Mosc\u00fa, donde Tonatiuh Garc\u00eda, director del filme, fue galardonado con el premio a Mejor Director, el premio Audience Award y el premio de la Federaci\u00f3n de Clubes de Cine de Rusia \u201cKeen Eye\u201d.<\/p>\n<p>Asimismo, se ha hecho acreedora, en diversos festivales, a poco m\u00e1s de una treintena de premios, entre los que destacan: Mejor Director, Mejor Pel\u00edcula, Mejor Fotograf\u00eda, Mejor Narrativa y Mejor Guion. Tambi\u00e9n ha sido seleccionada en festivales como el Festival de Cine de USA, el Festival de Cine Independiente de Montreal, el Festival de Cine y Concurso de Guiones de la Gran Manzana, el 19\u00ba Festival Internacional de Cine de los Derechos Humanos y el Festival de Cine Independiente Liban\u00e9s, entre muchos otros.<\/p>\n<p>La SECVER reitera la invitaci\u00f3n a la proyecci\u00f3n de la pel\u00edcula Luna negra. El llanto de un r\u00edo el 29 de mayo a las 19:00 horas, en el foro abierto del \u00c1gora de la Ciudad. La entrada es gratuita. Consulta la programaci\u00f3n completa de Cine SECVER en la cuenta de Facebook @AgoradelaCiudad y conoce todas las actividades que la red de recintos de la Secretar\u00eda de Cultura de Veracruz propone este mes visitando el sitio web www.culturaveracruz.gob.mx.<\/p>\n","protected":false},"excerpt":{"rendered":"<p>Visitas: 1La Secretar\u00eda de Cultura de Veracruz, a trav\u00e9s de Cine SECVER, invita a la proyecci\u00f3n de la pel\u00edcula Luna negra. El llanto de un r\u00edo en el foro abierto del \u00c1gora de la Ciudad. Esta funci\u00f3n al aire libre se llevar\u00e1 a cabo de manera gratuita el mi\u00e9rcoles 29 de mayo a las 19:00 [&hellip;]<\/p>\n","protected":false},"author":2,"featured_media":210378,"comment_status":"open","ping_status":"open","sticky":false,"template":"","format":"standard","meta":{"footnotes":""},"categories":[237,236],"tags":[],"class_list":{"0":"post-210375","1":"post","2":"type-post","3":"status-publish","4":"format-standard","5":"has-post-thumbnail","7":"category-xalapa","8":"category-zona-centro"},"nelio_content":{"isAutoShareEnabled":true,"autoShareEndMode":"never","automationSources":{"useCustomSentences":false,"customSentences":[]},"followers":[],"suggestedReferences":[],"efiUrl":"","efiAlt":"","highlights":[],"permalinkQueryArgs":[],"series":[]},"_links":{"self":[{"href":"https:\/\/www.enteratever.com\/2023\/wp-json\/wp\/v2\/posts\/210375","targetHints":{"allow":["GET"]}}],"collection":[{"href":"https:\/\/www.enteratever.com\/2023\/wp-json\/wp\/v2\/posts"}],"about":[{"href":"https:\/\/www.enteratever.com\/2023\/wp-json\/wp\/v2\/types\/post"}],"author":[{"embeddable":true,"href":"https:\/\/www.enteratever.com\/2023\/wp-json\/wp\/v2\/users\/2"}],"replies":[{"embeddable":true,"href":"https:\/\/www.enteratever.com\/2023\/wp-json\/wp\/v2\/comments?post=210375"}],"version-history":[{"count":1,"href":"https:\/\/www.enteratever.com\/2023\/wp-json\/wp\/v2\/posts\/210375\/revisions"}],"predecessor-version":[{"id":210381,"href":"https:\/\/www.enteratever.com\/2023\/wp-json\/wp\/v2\/posts\/210375\/revisions\/210381"}],"wp:featuredmedia":[{"embeddable":true,"href":"https:\/\/www.enteratever.com\/2023\/wp-json\/wp\/v2\/media\/210378"}],"wp:attachment":[{"href":"https:\/\/www.enteratever.com\/2023\/wp-json\/wp\/v2\/media?parent=210375"}],"wp:term":[{"taxonomy":"category","embeddable":true,"href":"https:\/\/www.enteratever.com\/2023\/wp-json\/wp\/v2\/categories?post=210375"},{"taxonomy":"post_tag","embeddable":true,"href":"https:\/\/www.enteratever.com\/2023\/wp-json\/wp\/v2\/tags?post=210375"}],"curies":[{"name":"wp","href":"https:\/\/api.w.org\/{rel}","templated":true}]}}