{"id":210320,"date":"2024-05-28T12:39:36","date_gmt":"2024-05-28T18:39:36","guid":{"rendered":"https:\/\/www.enteratever.com\/2023\/?p=210320"},"modified":"2024-05-28T12:39:36","modified_gmt":"2024-05-28T18:39:36","slug":"invita-centro-cultural-atarazanas-a-disfrutar-de-la-exposicion-la-imaginacion-del-color-de-manuel-zardain","status":"publish","type":"post","link":"https:\/\/www.enteratever.com\/2023\/2024\/05\/28\/invita-centro-cultural-atarazanas-a-disfrutar-de-la-exposicion-la-imaginacion-del-color-de-manuel-zardain\/","title":{"rendered":"Invita Centro Cultural Atarazanas a disfrutar de la exposici\u00f3n \u201cLa imaginaci\u00f3n del color\u201d de Manuel Zarda\u00edn"},"content":{"rendered":"<p>Visitas: 2<\/p><p>La Secretar\u00eda de Cultura de Veracruz, a trav\u00e9s del Centro Cultural Atarazanas, invita al p\u00fablico a conocer y disfrutar de la exposici\u00f3n La imaginaci\u00f3n del color del pintor y artista pl\u00e1stico Manuel Zarda\u00edn, que podr\u00e1 visitarse a partir del pr\u00f3ximo jueves 30 de mayo, con entrada gratuita.<\/p>\n<p>La imaginaci\u00f3n del color es una muestra que invita a las personas espectadoras a sumergirse en un mundo de creatividad y expresi\u00f3n intensa. A trav\u00e9s de sus trazos, Zarda\u00edn nos transporta a paisajes imaginarios y universos fant\u00e1sticos donde los colores cobran vida y las formas adquieren un significado propio. Cada obra es una ventana a la mente del artista, donde la imaginaci\u00f3n y la realidad se entrelazan en una danza de colores y formas que despiertan la curiosidad y la contemplaci\u00f3n. Invita a un viaje visual a trav\u00e9s de paisajes on\u00edricos, figuras abstractas y composiciones org\u00e1nicas que revelan la profundidad de su universo creativo.<\/p>\n<p>La exposici\u00f3n ofrece una mirada retrospectiva a la trayectoria art\u00edstica de Zarda\u00edn, destacando su evoluci\u00f3n estil\u00edstica y su compromiso con la experimentaci\u00f3n y la innovaci\u00f3n. Desde sus primeras exploraciones en el arte hasta sus obras m\u00e1s recientes, Zarda\u00edn muestra su capacidad para reencontrarse y reinventar el lenguaje visual, explorando nuevas t\u00e9cnicas y enfoques creativos.<\/p>\n<p>Manuel Zarda\u00edn es un pintor y artista pl\u00e1stico mexicano que otorga a trav\u00e9s de sus pinturas un estallido de colores, folklore, costumbres y tradiciones mexicanas. Sus obras han sido presentadas tanto en festivales como en ferias, exposiciones individuales y colectivas alrededor del mundo, como en California, Houston, San Antonio, Nueva York, Madrid, Par\u00eds, Islas Canarias, Tijuana, Xalapa y Ciudad de M\u00e9xico. Su obra se exhibe de manera permanente en galer\u00edas de Puerto Vallarta, Playa del Carmen y Los Cabos.<\/p>\n<p>La SECVER reitera su invitaci\u00f3n a disfrutar de la exposici\u00f3n La imaginaci\u00f3n del color de Manuel Zarda\u00edn, que quedar\u00e1 a disposici\u00f3n del p\u00fablico a partir del pr\u00f3ximo jueves 30 de mayo en la Galer\u00eda de Arte Popular del Centro Cultural Atarazanas, ubicado en el callej\u00f3n Julio S. Montero s\/n, esq. Esteban Morales, en el Centro Hist\u00f3rico del puerto de Veracruz. Para conocer la programaci\u00f3n completa del Centro Cultural Atarazanas visita la p\u00e1gina de Facebook @CentroCulturalAtarazanas y el Instagram @atarazanas_centrocultural. Consulta todas las actividades de la Secretar\u00eda de Cultura de Veracruz en el sitio web www.culturaveracruz.gob.mx.<\/p>\n","protected":false},"excerpt":{"rendered":"<p>Visitas: 2La Secretar\u00eda de Cultura de Veracruz, a trav\u00e9s del Centro Cultural Atarazanas, invita al p\u00fablico a conocer y disfrutar de la exposici\u00f3n La imaginaci\u00f3n del color del pintor y artista pl\u00e1stico Manuel Zarda\u00edn, que podr\u00e1 visitarse a partir del pr\u00f3ximo jueves 30 de mayo, con entrada gratuita. La imaginaci\u00f3n del color es una muestra [&hellip;]<\/p>\n","protected":false},"author":2,"featured_media":210322,"comment_status":"open","ping_status":"open","sticky":false,"template":"","format":"standard","meta":{"footnotes":""},"categories":[237,236],"tags":[],"class_list":{"0":"post-210320","1":"post","2":"type-post","3":"status-publish","4":"format-standard","5":"has-post-thumbnail","7":"category-xalapa","8":"category-zona-centro"},"nelio_content":{"isAutoShareEnabled":true,"autoShareEndMode":"never","automationSources":{"useCustomSentences":false,"customSentences":[]},"followers":[],"suggestedReferences":[],"efiUrl":"","efiAlt":"","highlights":[],"permalinkQueryArgs":[],"series":[]},"_links":{"self":[{"href":"https:\/\/www.enteratever.com\/2023\/wp-json\/wp\/v2\/posts\/210320","targetHints":{"allow":["GET"]}}],"collection":[{"href":"https:\/\/www.enteratever.com\/2023\/wp-json\/wp\/v2\/posts"}],"about":[{"href":"https:\/\/www.enteratever.com\/2023\/wp-json\/wp\/v2\/types\/post"}],"author":[{"embeddable":true,"href":"https:\/\/www.enteratever.com\/2023\/wp-json\/wp\/v2\/users\/2"}],"replies":[{"embeddable":true,"href":"https:\/\/www.enteratever.com\/2023\/wp-json\/wp\/v2\/comments?post=210320"}],"version-history":[{"count":1,"href":"https:\/\/www.enteratever.com\/2023\/wp-json\/wp\/v2\/posts\/210320\/revisions"}],"predecessor-version":[{"id":210323,"href":"https:\/\/www.enteratever.com\/2023\/wp-json\/wp\/v2\/posts\/210320\/revisions\/210323"}],"wp:featuredmedia":[{"embeddable":true,"href":"https:\/\/www.enteratever.com\/2023\/wp-json\/wp\/v2\/media\/210322"}],"wp:attachment":[{"href":"https:\/\/www.enteratever.com\/2023\/wp-json\/wp\/v2\/media?parent=210320"}],"wp:term":[{"taxonomy":"category","embeddable":true,"href":"https:\/\/www.enteratever.com\/2023\/wp-json\/wp\/v2\/categories?post=210320"},{"taxonomy":"post_tag","embeddable":true,"href":"https:\/\/www.enteratever.com\/2023\/wp-json\/wp\/v2\/tags?post=210320"}],"curies":[{"name":"wp","href":"https:\/\/api.w.org\/{rel}","templated":true}]}}