{"id":210209,"date":"2024-05-24T11:08:30","date_gmt":"2024-05-24T17:08:30","guid":{"rendered":"https:\/\/www.enteratever.com\/2023\/?p=210209"},"modified":"2024-05-24T11:08:30","modified_gmt":"2024-05-24T17:08:30","slug":"ofrece-meccver-taller-de-procuracion-de-fondos-para-proyectos-culturales","status":"publish","type":"post","link":"https:\/\/www.enteratever.com\/2023\/2024\/05\/24\/ofrece-meccver-taller-de-procuracion-de-fondos-para-proyectos-culturales\/","title":{"rendered":"Ofrece MECCVER Taller de Procuraci\u00f3n de Fondos para Proyectos Culturales"},"content":{"rendered":"<p>Visitas: 1<\/p><p>La Secretar\u00eda de Cultura de Veracruz, a trav\u00e9s del Programa de Empresas Culturales y Creativas Veracruzanas, invita a participar en el Taller de Procuraci\u00f3n de Fondos para Proyectos Culturales, impartido por Fernanda Mora y Erika Ben\u00edtez. La actividad se desarrollar\u00e1 de manera gratuita del mi\u00e9rcoles 29 al viernes 31 de mayo, de 15:00 a 20:00 horas, en el Centro Cultural Atarazanas, como parte de la quinta edici\u00f3n del Mercado de Empresas Culturales y Creativas Veracruzanas (MECCVER).<\/p>\n<p>El taller est\u00e1 dirigido a artistas, emprendedores y gestores culturales con el inter\u00e9s de aprender sobre las distintas formas de obtener fondos para alg\u00fan proyecto cultural que est\u00e9n desarrollando. A lo largo de las sesiones, se explorar\u00e1n una serie de estrategias de financiamiento, as\u00ed como el dise\u00f1o integral de proyectos, la gesti\u00f3n eficaz de recursos, y las t\u00e1cticas de promoci\u00f3n y difusi\u00f3n necesarias para llevar a cabo con \u00e9xito iniciativas culturales y art\u00edsticas.<\/p>\n<p>Fernanda Mora es licenciada en Gesti\u00f3n Cultural y Desarrollo de las Artes. Durante 2016 y 2021, colabor\u00f3 activamente con el actual Cuarteto de Cuerdas de Bellas Artes, desempe\u00f1ando roles de coordinaci\u00f3n en numerosos conciertos y proyectos. A partir de 2022, se ha destacado como cofundadora de Gestoraveintid\u00f3s, una agencia de gesti\u00f3n cultural dedicada a respaldar y promover a creadores y artistas emergentes. <\/p>\n<p>Erika Ben\u00edtez se desempe\u00f1a como gestora cultural independiente. Desde el a\u00f1o 2022 forma parte del equipo directivo del Festival de Cortometraje Veracruzano, donde supervisa el \u00e1rea de vinculaci\u00f3n y coordina al equipo de voluntariado. En 2023 asumi\u00f3 el cargo de Enlace Estatal de Veracruz para Ambulante Gira de Documentales.<\/p>\n<p>La SECVER reitera la invitaci\u00f3n al Taller de Procuraci\u00f3n de Fondos para Proyectos Culturales del 29 al 31 de mayo, en horario de 15:00 a 20:00 horas, en las instalaciones del Centro Cultural Atarazanas, ubicado en el callej\u00f3n Julio S. Montero s\/n, esq. Esteban Morales, en el Centro Hist\u00f3rico de la ciudad de Veracruz. La inscripci\u00f3n al taller es gratuita y las personas interesadas podr\u00e1n realizar su registro mediante el enlace https:\/\/bit.ly\/TalleresMECCVER24. Para conocer la programaci\u00f3n completa de la quinta edici\u00f3n del Mercado de Empresas Culturales y Creativas Veracruzanas (MECCVER) visita la p\u00e1gina de Facebook @EmpresasCulturalesSECVER y consulta toda la oferta cultural que la Secretar\u00eda propone para ti en www.culturaveracruz.gob.mx.<\/p>\n","protected":false},"excerpt":{"rendered":"<p>Visitas: 1La Secretar\u00eda de Cultura de Veracruz, a trav\u00e9s del Programa de Empresas Culturales y Creativas Veracruzanas, invita a participar en el Taller de Procuraci\u00f3n de Fondos para Proyectos Culturales, impartido por Fernanda Mora y Erika Ben\u00edtez. La actividad se desarrollar\u00e1 de manera gratuita del mi\u00e9rcoles 29 al viernes 31 de mayo, de 15:00 a [&hellip;]<\/p>\n","protected":false},"author":2,"featured_media":210210,"comment_status":"open","ping_status":"open","sticky":false,"template":"","format":"standard","meta":{"footnotes":""},"categories":[237,236],"tags":[],"class_list":{"0":"post-210209","1":"post","2":"type-post","3":"status-publish","4":"format-standard","5":"has-post-thumbnail","7":"category-xalapa","8":"category-zona-centro"},"nelio_content":{"isAutoShareEnabled":true,"autoShareEndMode":"never","automationSources":{"useCustomSentences":false,"customSentences":[]},"followers":[],"suggestedReferences":[],"efiUrl":"","efiAlt":"","highlights":[],"permalinkQueryArgs":[],"series":[]},"_links":{"self":[{"href":"https:\/\/www.enteratever.com\/2023\/wp-json\/wp\/v2\/posts\/210209","targetHints":{"allow":["GET"]}}],"collection":[{"href":"https:\/\/www.enteratever.com\/2023\/wp-json\/wp\/v2\/posts"}],"about":[{"href":"https:\/\/www.enteratever.com\/2023\/wp-json\/wp\/v2\/types\/post"}],"author":[{"embeddable":true,"href":"https:\/\/www.enteratever.com\/2023\/wp-json\/wp\/v2\/users\/2"}],"replies":[{"embeddable":true,"href":"https:\/\/www.enteratever.com\/2023\/wp-json\/wp\/v2\/comments?post=210209"}],"version-history":[{"count":1,"href":"https:\/\/www.enteratever.com\/2023\/wp-json\/wp\/v2\/posts\/210209\/revisions"}],"predecessor-version":[{"id":210211,"href":"https:\/\/www.enteratever.com\/2023\/wp-json\/wp\/v2\/posts\/210209\/revisions\/210211"}],"wp:featuredmedia":[{"embeddable":true,"href":"https:\/\/www.enteratever.com\/2023\/wp-json\/wp\/v2\/media\/210210"}],"wp:attachment":[{"href":"https:\/\/www.enteratever.com\/2023\/wp-json\/wp\/v2\/media?parent=210209"}],"wp:term":[{"taxonomy":"category","embeddable":true,"href":"https:\/\/www.enteratever.com\/2023\/wp-json\/wp\/v2\/categories?post=210209"},{"taxonomy":"post_tag","embeddable":true,"href":"https:\/\/www.enteratever.com\/2023\/wp-json\/wp\/v2\/tags?post=210209"}],"curies":[{"name":"wp","href":"https:\/\/api.w.org\/{rel}","templated":true}]}}