{"id":210122,"date":"2024-05-23T11:00:33","date_gmt":"2024-05-23T17:00:33","guid":{"rendered":"https:\/\/www.enteratever.com\/2023\/?p=210122"},"modified":"2024-05-23T11:00:33","modified_gmt":"2024-05-23T17:00:33","slug":"inaugura-secver-la-exposicion-marea-baja-de-marie-sol-payro-en-el-centro-cultural-de-coatepec","status":"publish","type":"post","link":"https:\/\/www.enteratever.com\/2023\/2024\/05\/23\/inaugura-secver-la-exposicion-marea-baja-de-marie-sol-payro-en-el-centro-cultural-de-coatepec\/","title":{"rendered":"Inaugura SECVER la exposici\u00f3n \u201cMarea baja\u201d de Marie Sol Payr\u00f3 en el Centro Cultural de Coatepec"},"content":{"rendered":"<p>Visitas: 1<\/p><p>La Secretar\u00eda de Cultura de Veracruz, a trav\u00e9s del Centro Cultural de Coatepec, invita a la inauguraci\u00f3n de la exposici\u00f3n Marea baja, textil y papel de Marie Sol Payr\u00f3, el pr\u00f3ximo viernes 24 de mayo a las 17:00 horas en el recinto coatepecano. La entrada es gratuita.<\/p>\n<p>La exposici\u00f3n Marea baja es un homenaje a la naturaleza, en ella los elementos del bosque laten en su interior: las fibras vegetales son la materia prima, el papel hecho a mano es el soporte, los tintes naturales dan color a sus exploraciones y el hilo une a los incontables relatos de la tierra. Esta muestra resalta el inter\u00e9s de la artista por trabajar con materiales sencillos y nobles. Sus procesos son resultado de a\u00f1os de investigaci\u00f3n en diferentes pueblos de M\u00e9xico, donde el legado del textil perdura y en donde ha encontrado no s\u00f3lo inspiraci\u00f3n, sino tambi\u00e9n un profundo v\u00ednculo con dichas culturas, a trav\u00e9s de su quehacer pl\u00e1stico.<\/p>\n<p>Marie Sol Payr\u00f3 es licenciada en Artes Pl\u00e1sticas, opci\u00f3n pintura, por la Universidad Veracruzana. Su trabajo art\u00edstico va enfocado a la investigaci\u00f3n, experimentaci\u00f3n y producci\u00f3n de obra con diferentes materiales y t\u00e9cnicas como la gr\u00e1fica, collage, la instalaci\u00f3n y el performance, centr\u00e1ndose sobre todo en los procesos de creaci\u00f3n de papel. Ha trabajado en el taller de la Ceiba Gr\u00e1fica con el maestro Per Anderson, en el taller de la escultora Guitte Dealing en Oaxaca, en el Instituto de Artes Pl\u00e1sticas de la Universidad Veracruzana y en el Taller Le\u00f1ateros en San Crist\u00f3bal de Las Casas, Chiapas. Su obra se ha expuesto en Suiza, Francia, Chiapas, Tabasco, Ciudad de M\u00e9xico y en varios recintos de Xalapa.<\/p>\n<p>La SECVER reitera la invitaci\u00f3n a la inauguraci\u00f3n de la exposici\u00f3n Marea baja de la artista visual Marie Sol Payr\u00f3, el pr\u00f3ximo viernes 24 de mayo a las 17:00 horas en el Centro Cultural de Coatepec. La entrada es gratuita. Conoce todas las actividades del recinto coatepecano en su Facebook @CentroCulturalCoatepec y visita el sitio web www.culturaveracruz.gob.mx para conocer la programaci\u00f3n completa de la Secretar\u00eda de Cultura de Veracruz.<\/p>\n","protected":false},"excerpt":{"rendered":"<p>Visitas: 1La Secretar\u00eda de Cultura de Veracruz, a trav\u00e9s del Centro Cultural de Coatepec, invita a la inauguraci\u00f3n de la exposici\u00f3n Marea baja, textil y papel de Marie Sol Payr\u00f3, el pr\u00f3ximo viernes 24 de mayo a las 17:00 horas en el recinto coatepecano. La entrada es gratuita. La exposici\u00f3n Marea baja es un homenaje [&hellip;]<\/p>\n","protected":false},"author":2,"featured_media":210125,"comment_status":"open","ping_status":"open","sticky":false,"template":"","format":"standard","meta":{"footnotes":""},"categories":[237,236],"tags":[],"class_list":{"0":"post-210122","1":"post","2":"type-post","3":"status-publish","4":"format-standard","5":"has-post-thumbnail","7":"category-xalapa","8":"category-zona-centro"},"nelio_content":{"isAutoShareEnabled":true,"autoShareEndMode":"never","automationSources":{"useCustomSentences":false,"customSentences":[]},"followers":[],"suggestedReferences":[],"efiUrl":"","efiAlt":"","highlights":[],"permalinkQueryArgs":[],"series":[]},"_links":{"self":[{"href":"https:\/\/www.enteratever.com\/2023\/wp-json\/wp\/v2\/posts\/210122","targetHints":{"allow":["GET"]}}],"collection":[{"href":"https:\/\/www.enteratever.com\/2023\/wp-json\/wp\/v2\/posts"}],"about":[{"href":"https:\/\/www.enteratever.com\/2023\/wp-json\/wp\/v2\/types\/post"}],"author":[{"embeddable":true,"href":"https:\/\/www.enteratever.com\/2023\/wp-json\/wp\/v2\/users\/2"}],"replies":[{"embeddable":true,"href":"https:\/\/www.enteratever.com\/2023\/wp-json\/wp\/v2\/comments?post=210122"}],"version-history":[{"count":1,"href":"https:\/\/www.enteratever.com\/2023\/wp-json\/wp\/v2\/posts\/210122\/revisions"}],"predecessor-version":[{"id":210126,"href":"https:\/\/www.enteratever.com\/2023\/wp-json\/wp\/v2\/posts\/210122\/revisions\/210126"}],"wp:featuredmedia":[{"embeddable":true,"href":"https:\/\/www.enteratever.com\/2023\/wp-json\/wp\/v2\/media\/210125"}],"wp:attachment":[{"href":"https:\/\/www.enteratever.com\/2023\/wp-json\/wp\/v2\/media?parent=210122"}],"wp:term":[{"taxonomy":"category","embeddable":true,"href":"https:\/\/www.enteratever.com\/2023\/wp-json\/wp\/v2\/categories?post=210122"},{"taxonomy":"post_tag","embeddable":true,"href":"https:\/\/www.enteratever.com\/2023\/wp-json\/wp\/v2\/tags?post=210122"}],"curies":[{"name":"wp","href":"https:\/\/api.w.org\/{rel}","templated":true}]}}