{"id":210031,"date":"2024-05-22T10:38:32","date_gmt":"2024-05-22T16:38:32","guid":{"rendered":"https:\/\/www.enteratever.com\/2023\/?p=210031"},"modified":"2024-05-22T10:38:32","modified_gmt":"2024-05-22T16:38:32","slug":"conmemoran-el-203-aniversario-de-la-defensa-de-cordoba","status":"publish","type":"post","link":"https:\/\/www.enteratever.com\/2023\/2024\/05\/22\/conmemoran-el-203-aniversario-de-la-defensa-de-cordoba\/","title":{"rendered":"Conmemoran el 203 Aniversario de la Defensa de C\u00f3rdoba"},"content":{"rendered":"<p>Visitas: 4<\/p><p>El 203 Aniversario de la defensa de C\u00f3rdoba fue conmemorado con honores a la bandera por parte de las autoridades municipales y estudiantes de la escuela primaria 21 de Mayo. Tambi\u00e9n se mont\u00f3 una guardia de honor y ofrenda floral en el parque de la \u201cCasa Quemada\u201d.<\/p>\n<p>La batalla de C\u00f3rdoba fue recordada por estudiantes de la escuela primaria 21 de Mayo como uno de los enfrentamientos determinantes en los tiempos de la Guerra de Independencia de M\u00e9xico, tuvo lugar entre el 15 y el 21 de mayo de 1821 y el parque de la \u201cCasa Quemada\u201d en esos tiempos fue uno de los bastiones que sirvieron para que Jos\u00e9 Joaqu\u00edn Herrera y decenas de cordobeses, defendieran lo que en \u00e9se tiempo era la Villa de C\u00f3rdoba.<\/p>\n<p>El constante ataque de las fuerzas realistas, fue defendido por un pu\u00f1ado de hombres y mujeres con apenas algunos aperos de labranza, piedras y palos, pelearon al lado de los insurgentes, quienes defendieron la Villa y luego de varios enfrentamientos lograron mantener la defensa de C\u00f3rdoba.<\/p>\n<p>El l\u00e1baro patrio fue izado a toda asta y se record\u00f3 a los cordobeses que ofrendaron su vida con la guardia de honor en la \u201cCasa Quemada\u201d, uno de los parques representativos de la ciudad.<\/p>\n","protected":false},"excerpt":{"rendered":"<p>Visitas: 4El 203 Aniversario de la defensa de C\u00f3rdoba fue conmemorado con honores a la bandera por parte de las autoridades municipales y estudiantes de la escuela primaria 21 de Mayo. Tambi\u00e9n se mont\u00f3 una guardia de honor y ofrenda floral en el parque de la \u201cCasa Quemada\u201d. La batalla de C\u00f3rdoba fue recordada por [&hellip;]<\/p>\n","protected":false},"author":2,"featured_media":210036,"comment_status":"open","ping_status":"open","sticky":false,"template":"","format":"standard","meta":{"footnotes":""},"categories":[239,236],"tags":[],"class_list":["post-210031","post","type-post","status-publish","format-standard","has-post-thumbnail","category-cordoba","category-zona-centro"],"nelio_content":{"isAutoShareEnabled":true,"autoShareEndMode":"never","automationSources":{"useCustomSentences":false,"customSentences":[]},"followers":[],"suggestedReferences":[],"efiUrl":"","efiAlt":"","highlights":[],"permalinkQueryArgs":[],"series":[]},"_links":{"self":[{"href":"https:\/\/www.enteratever.com\/2023\/wp-json\/wp\/v2\/posts\/210031","targetHints":{"allow":["GET"]}}],"collection":[{"href":"https:\/\/www.enteratever.com\/2023\/wp-json\/wp\/v2\/posts"}],"about":[{"href":"https:\/\/www.enteratever.com\/2023\/wp-json\/wp\/v2\/types\/post"}],"author":[{"embeddable":true,"href":"https:\/\/www.enteratever.com\/2023\/wp-json\/wp\/v2\/users\/2"}],"replies":[{"embeddable":true,"href":"https:\/\/www.enteratever.com\/2023\/wp-json\/wp\/v2\/comments?post=210031"}],"version-history":[{"count":1,"href":"https:\/\/www.enteratever.com\/2023\/wp-json\/wp\/v2\/posts\/210031\/revisions"}],"predecessor-version":[{"id":210038,"href":"https:\/\/www.enteratever.com\/2023\/wp-json\/wp\/v2\/posts\/210031\/revisions\/210038"}],"wp:featuredmedia":[{"embeddable":true,"href":"https:\/\/www.enteratever.com\/2023\/wp-json\/wp\/v2\/media\/210036"}],"wp:attachment":[{"href":"https:\/\/www.enteratever.com\/2023\/wp-json\/wp\/v2\/media?parent=210031"}],"wp:term":[{"taxonomy":"category","embeddable":true,"href":"https:\/\/www.enteratever.com\/2023\/wp-json\/wp\/v2\/categories?post=210031"},{"taxonomy":"post_tag","embeddable":true,"href":"https:\/\/www.enteratever.com\/2023\/wp-json\/wp\/v2\/tags?post=210031"}],"curies":[{"name":"wp","href":"https:\/\/api.w.org\/{rel}","templated":true}]}}