{"id":209934,"date":"2024-05-20T11:44:05","date_gmt":"2024-05-20T17:44:05","guid":{"rendered":"https:\/\/www.enteratever.com\/2023\/?p=209934"},"modified":"2024-05-20T11:44:45","modified_gmt":"2024-05-20T17:44:45","slug":"el-centro-cultural-del-sotavento-invita-a-visita-guiada-en-conmemoracion-del-dia-internacional-de-los-museos","status":"publish","type":"post","link":"https:\/\/www.enteratever.com\/2023\/2024\/05\/20\/el-centro-cultural-del-sotavento-invita-a-visita-guiada-en-conmemoracion-del-dia-internacional-de-los-museos\/","title":{"rendered":"El Centro Cultural del Sotavento invita a visita guiada en conmemoraci\u00f3n del D\u00eda Internacional de los Museos"},"content":{"rendered":"<p>Visitas: 2<\/p><p>La Secretar\u00eda de Cultura de Veracruz, a trav\u00e9s del Centro Cultural del Sotavento, invita al p\u00fablico tlacotalpe\u00f1o a participar en una visita guiada especial, con motivo del D\u00eda Internacional de los Museos. Las y los interesados podr\u00e1n conocer de primera mano las distintas actividades que se realizan en los espacios del recinto el pr\u00f3ximo mi\u00e9rcoles 22 de mayo, de las 11:00 a las 12:30 horas, en la ciudad de Tlacotalpan, Veracruz.<\/p>\n<p>De la mano de docentes, colaboradores de la SECVER, las y los asistentes podr\u00e1n detonar su creatividad y disfrutar de las actividades que d\u00eda con d\u00eda se realizan en el Centro Cultural del Sotavento. El recorrido dar\u00e1 inicio con el taller del coro comunitario Voces del r\u00edo Papaloapan, cuyas sesiones est\u00e1n a cargo del profesor Juan Carlos Ponce M\u00e1rquez. En este espacio, ni\u00f1os, ni\u00f1as y j\u00f3venes de 7 a 17 a\u00f1os pueden desarrollar su voz a trav\u00e9s del aprendizaje coral, en un ambiente l\u00fadico y de sana convivencia.<\/p>\n<p>Tambi\u00e9n se podr\u00e1 participar de las actividades del taller de d\u00e9cima espinela, a cargo de la m\u00fasica Marisol Galloso Gamboa. A trav\u00e9s del verso improvisado, las personas interesadas aprender\u00e1n a utilizar la poes\u00eda del son como un medio para la expresi\u00f3n personal y comunitaria, contribuyendo al bienestar social y la preservaci\u00f3n del patrimonio cultural.<\/p>\n<p>Horacio Mondrag\u00f3n, jefe del recinto, presentar\u00e1 al p\u00fablico el taller del Semillero Creativo de Gr\u00e1fica \u201cEl Requinto\u201d, dirigido a ni\u00f1as, ni\u00f1os, adolescentes y j\u00f3venes de 8 a 25 a\u00f1os que deseen acercarse a esta pr\u00e1ctica art\u00edstica para conceptualizar y hacer realidad diferentes estampas. Las y los asistentes podr\u00e1n crear y aprender del proceso que conlleva la gr\u00e1fica a trav\u00e9s del uso pr\u00e1ctico del t\u00f3rculo, tipo espec\u00edfico de prensa utilizada para la impresi\u00f3n de grabados.<\/p>\n<p>Finalmente, el p\u00fablico podr\u00e1 disfrutar de una visita guiada por la exposici\u00f3n Rebambaramba, muestra de Honorio Robledo, reconocido pintor, ilustrador, escritor y m\u00fasico, quien retoma los mitos y leyendas heredados de generaci\u00f3n en generaci\u00f3n en el Sotavento veracruzano. Mediante ilustraciones y pinturas surrealistas de su autor\u00eda, el maestro Robledo acerca al espectador los espacios y personajes del folklore del sur del estado, generando una trifulca visual que invita a despertar los sentidos.<\/p>\n<p>Conmemora con el Centro Cultural del Sotavento el D\u00eda Internacional de los Museos a trav\u00e9s de esta visita guiada. Asiste el mi\u00e9rcoles 22 de mayo, de las 11:00 a las 12:30 horas, en la calle Miguel Z. Ch\u00e1zaro 57 del centro de la ciudad de Tlacotalpan. Consulta todas las actividades del recinto en la p\u00e1gina de Facebook @CentroCulturaldelSotavento y visita el sitio web www.culturaveracruz.gob.mx para conocer la programaci\u00f3n completa de la Secretar\u00eda de Cultura de Veracruz.<\/p>\n","protected":false},"excerpt":{"rendered":"<p>Visitas: 2La Secretar\u00eda de Cultura de Veracruz, a trav\u00e9s del Centro Cultural del Sotavento, invita al p\u00fablico tlacotalpe\u00f1o a participar en una visita guiada especial, con motivo del D\u00eda Internacional de los Museos. Las y los interesados podr\u00e1n conocer de primera mano las distintas actividades que se realizan en los espacios del recinto el pr\u00f3ximo [&hellip;]<\/p>\n","protected":false},"author":2,"featured_media":209935,"comment_status":"open","ping_status":"open","sticky":false,"template":"","format":"standard","meta":{"footnotes":""},"categories":[237,236],"tags":[],"class_list":{"0":"post-209934","1":"post","2":"type-post","3":"status-publish","4":"format-standard","5":"has-post-thumbnail","7":"category-xalapa","8":"category-zona-centro"},"nelio_content":{"isAutoShareEnabled":true,"autoShareEndMode":"never","automationSources":{"useCustomSentences":false,"customSentences":[]},"followers":[],"suggestedReferences":[],"efiUrl":"","efiAlt":"","highlights":[],"permalinkQueryArgs":[],"series":[]},"_links":{"self":[{"href":"https:\/\/www.enteratever.com\/2023\/wp-json\/wp\/v2\/posts\/209934","targetHints":{"allow":["GET"]}}],"collection":[{"href":"https:\/\/www.enteratever.com\/2023\/wp-json\/wp\/v2\/posts"}],"about":[{"href":"https:\/\/www.enteratever.com\/2023\/wp-json\/wp\/v2\/types\/post"}],"author":[{"embeddable":true,"href":"https:\/\/www.enteratever.com\/2023\/wp-json\/wp\/v2\/users\/2"}],"replies":[{"embeddable":true,"href":"https:\/\/www.enteratever.com\/2023\/wp-json\/wp\/v2\/comments?post=209934"}],"version-history":[{"count":1,"href":"https:\/\/www.enteratever.com\/2023\/wp-json\/wp\/v2\/posts\/209934\/revisions"}],"predecessor-version":[{"id":209936,"href":"https:\/\/www.enteratever.com\/2023\/wp-json\/wp\/v2\/posts\/209934\/revisions\/209936"}],"wp:featuredmedia":[{"embeddable":true,"href":"https:\/\/www.enteratever.com\/2023\/wp-json\/wp\/v2\/media\/209935"}],"wp:attachment":[{"href":"https:\/\/www.enteratever.com\/2023\/wp-json\/wp\/v2\/media?parent=209934"}],"wp:term":[{"taxonomy":"category","embeddable":true,"href":"https:\/\/www.enteratever.com\/2023\/wp-json\/wp\/v2\/categories?post=209934"},{"taxonomy":"post_tag","embeddable":true,"href":"https:\/\/www.enteratever.com\/2023\/wp-json\/wp\/v2\/tags?post=209934"}],"curies":[{"name":"wp","href":"https:\/\/api.w.org\/{rel}","templated":true}]}}