{"id":209928,"date":"2024-05-20T11:29:58","date_gmt":"2024-05-20T17:29:58","guid":{"rendered":"https:\/\/www.enteratever.com\/2023\/?p=209928"},"modified":"2024-05-20T11:29:58","modified_gmt":"2024-05-20T17:29:58","slug":"invita-secver-a-celebrar-el-33-aniversario-de-la-gacx","status":"publish","type":"post","link":"https:\/\/www.enteratever.com\/2023\/2024\/05\/20\/invita-secver-a-celebrar-el-33-aniversario-de-la-gacx\/","title":{"rendered":"Invita SECVER a celebrar el 33 aniversario de la GACX"},"content":{"rendered":"<p>Visitas: 3<\/p><p>La Secretar\u00eda de Cultura de Veracruz invita a celebrar el 33 aniversario de la Galer\u00eda de Arte Contempor\u00e1neo de Xalapa, uno de los recintos m\u00e1s emblem\u00e1ticos de la entidad veracruzana, compartiendo con sus diversos p\u00fablicos un ciclo de actividades dirigido a p\u00fablico de todas las edades los d\u00edas 22, 24 y 25 de mayo. La entrada es gratuita.<\/p>\n<p>La GACX se inaugur\u00f3 el 24 de mayo de 1991 como Galer\u00eda del Estado y en 1993 pas\u00f3 a formar parte de la estructura del entonces IVEC. En este recinto tambi\u00e9n se encuentran las oficinas de la Secretar\u00eda de Cultura de Veracruz en Xalapa. Es un espacio dedicado a la promoci\u00f3n y a la reflexi\u00f3n de las pr\u00e1cticas art\u00edsticas, adem\u00e1s de sus salas de exposici\u00f3n ofrece un importante foro para actividades de fomento a la lectura, artes esc\u00e9nicas en todos sus g\u00e9neros y talleres, pero sobre todo se ha convertido en un espacio de di\u00e1logo y reflexi\u00f3n participativa.<\/p>\n<p>Las actividades en conmemoraci\u00f3n de su 33 aniversario inician el mi\u00e9rcoles 22 de mayo a las 18:00 horas con el conversatorio Medios de comunicaci\u00f3n para artistas, donde el comunicador Amado Lince compartir\u00e1 algunas estrategias que las y los artistas pueden aplicar para lograr un acercamiento eficiente a los medios de comunicaci\u00f3n tradicionales, el alcance que tienen y el an\u00e1lisis del mensaje que deben dar para posicionar mejor su trabajo.<\/p>\n<p>El viernes 24 de mayo, tambi\u00e9n a las 18:00 horas, tendr\u00e1 lugar el conversatorio El inmueble antes de la GACX, con la participaci\u00f3n de Iv\u00e1n Ferrer, fundador de la revista El Estridente, y Jorge D\u00edaz, colaborador de la asociaci\u00f3n civil Xalapa Antiguo, quienes compartir\u00e1n parte de la historia del inmueble que actualmente alberga el recinto, as\u00ed como las modificaciones en su fachada, calle y alrededores.<\/p>\n<p>Finalmente, el s\u00e1bado 25 a las 12:00 horas se presentar\u00e1 En mis zapatos, una obra teatral dirigida a las infancias. Este unipersonal, interpretado por Juli\u00e1n Loredo, aborda el tema del acoso escolar al mostrar a un protagonista que sufre bullying y debe aprender a usar el poder de las palabras para resolver los conflictos. Con una trama sencilla pero impactante, esta obra reflexiona sobre la realidad que enfrentan muchos ni\u00f1os y ni\u00f1as en el pa\u00eds.<\/p>\n<p>La SECVER reitera la invitaci\u00f3n a participar en las actividades conmemorativas por el 33 aniversario de la GACX los d\u00edas 22, 24 y 25 de mayo. La entrada es gratuita. Para conocer las actividades que el recinto propone este mes visita sus redes sociales @GACXalapa y su blog digital https:\/\/gacxalapa.blogspot.com\/. Consulta la oferta cultural de la Secretar\u00eda de Cultura de Veracruz en el sitio web http:\/\/culturaveracruz.gob.mx\/.<\/p>\n","protected":false},"excerpt":{"rendered":"<p>Visitas: 3La Secretar\u00eda de Cultura de Veracruz invita a celebrar el 33 aniversario de la Galer\u00eda de Arte Contempor\u00e1neo de Xalapa, uno de los recintos m\u00e1s emblem\u00e1ticos de la entidad veracruzana, compartiendo con sus diversos p\u00fablicos un ciclo de actividades dirigido a p\u00fablico de todas las edades los d\u00edas 22, 24 y 25 de mayo. [&hellip;]<\/p>\n","protected":false},"author":2,"featured_media":209929,"comment_status":"open","ping_status":"open","sticky":false,"template":"","format":"standard","meta":{"footnotes":""},"categories":[237,236],"tags":[],"class_list":{"0":"post-209928","1":"post","2":"type-post","3":"status-publish","4":"format-standard","5":"has-post-thumbnail","7":"category-xalapa","8":"category-zona-centro"},"nelio_content":{"isAutoShareEnabled":true,"autoShareEndMode":"never","automationSources":{"useCustomSentences":false,"customSentences":[]},"followers":[],"suggestedReferences":[],"efiUrl":"","efiAlt":"","highlights":[],"permalinkQueryArgs":[],"series":[]},"_links":{"self":[{"href":"https:\/\/www.enteratever.com\/2023\/wp-json\/wp\/v2\/posts\/209928","targetHints":{"allow":["GET"]}}],"collection":[{"href":"https:\/\/www.enteratever.com\/2023\/wp-json\/wp\/v2\/posts"}],"about":[{"href":"https:\/\/www.enteratever.com\/2023\/wp-json\/wp\/v2\/types\/post"}],"author":[{"embeddable":true,"href":"https:\/\/www.enteratever.com\/2023\/wp-json\/wp\/v2\/users\/2"}],"replies":[{"embeddable":true,"href":"https:\/\/www.enteratever.com\/2023\/wp-json\/wp\/v2\/comments?post=209928"}],"version-history":[{"count":1,"href":"https:\/\/www.enteratever.com\/2023\/wp-json\/wp\/v2\/posts\/209928\/revisions"}],"predecessor-version":[{"id":209932,"href":"https:\/\/www.enteratever.com\/2023\/wp-json\/wp\/v2\/posts\/209928\/revisions\/209932"}],"wp:featuredmedia":[{"embeddable":true,"href":"https:\/\/www.enteratever.com\/2023\/wp-json\/wp\/v2\/media\/209929"}],"wp:attachment":[{"href":"https:\/\/www.enteratever.com\/2023\/wp-json\/wp\/v2\/media?parent=209928"}],"wp:term":[{"taxonomy":"category","embeddable":true,"href":"https:\/\/www.enteratever.com\/2023\/wp-json\/wp\/v2\/categories?post=209928"},{"taxonomy":"post_tag","embeddable":true,"href":"https:\/\/www.enteratever.com\/2023\/wp-json\/wp\/v2\/tags?post=209928"}],"curies":[{"name":"wp","href":"https:\/\/api.w.org\/{rel}","templated":true}]}}