{"id":209715,"date":"2024-05-15T19:27:06","date_gmt":"2024-05-16T01:27:06","guid":{"rendered":"https:\/\/www.enteratever.com\/2023\/?p=209715"},"modified":"2024-05-15T19:27:06","modified_gmt":"2024-05-16T01:27:06","slug":"invita-secver-a-visita-guiada-en-lsm-en-la-pinacoteca-diego-rivera","status":"publish","type":"post","link":"https:\/\/www.enteratever.com\/2023\/2024\/05\/15\/invita-secver-a-visita-guiada-en-lsm-en-la-pinacoteca-diego-rivera\/","title":{"rendered":"Invita SECVER a visita guiada en LSM en la Pinacoteca Diego Rivera"},"content":{"rendered":"<p>Visitas: 2<\/p><p>La Secretar\u00eda de Cultura de Veracruz, por medio de su Programa de Inclusi\u00f3n a trav\u00e9s de las Artes y en coordinaci\u00f3n con el Programa Educaci\u00f3n y Cultura para Comunidades Sordas de la Secretar\u00eda de Educaci\u00f3n de Veracruz, invitan a disfrutar de la visita guiada en Lengua de Se\u00f1as Mexicana que se llevar\u00e1 a cabo el s\u00e1bado 18 de mayo a las 18:00 horas, en la Pinacoteca Diego Rivera.<\/p>\n<p>Con motivo del D\u00eda Internacional de los Museos, conmemorado cada 18 de mayo desde 1977, el p\u00fablico sordo y la poblaci\u00f3n interesada en participar en este recorrido podr\u00e1n apreciar y conocer m\u00e1s sobre las piezas de la exposici\u00f3n David Alfaro Siqueiros: la construcci\u00f3n de lo p\u00fablico, una visi\u00f3n \u00fanica del legado art\u00edstico y social del destacado muralista mexicano. La muestra est\u00e1 integrada por pinturas de caballete, escultopinturas, bocetos y una maqueta, as\u00ed como fotograf\u00edas, documentos y diversas piezas de material hemerogr\u00e1fico y audiovisual que dan cuenta de la ingenier\u00eda \u00f3ptica detr\u00e1s de la propuesta pict\u00f3rica del maestro Siqueiros, cimentada en la funci\u00f3n p\u00fablica del arte y el compromiso con la transformaci\u00f3n social.<\/p>\n<p>La visita guiada estar\u00e1 a cargo de Adriana Corona Morales, artista visual, en compa\u00f1\u00eda de Aleisha Collins, int\u00e9rprete certificada de Lengua de Se\u00f1as Mexicana y actual responsable del Programa Educaci\u00f3n y Cultura para Comunidades Sordas de la Secretar\u00eda de Educaci\u00f3n de Veracruz. Con esta actividad, la SECVER contin\u00faa ofreciendo servicios culturales inclusivos a la comunidad sorda de Xalapa y sus alrededores, as\u00ed como incentivando la participaci\u00f3n de las personas con diversidad funcional en las actividades art\u00edsticas que ofrece.<\/p>\n<p>La Secretar\u00eda de Cultura de Veracruz reitera la invitaci\u00f3n a la visita guiada en LSM por la exposici\u00f3n David Alfaro Siqueiros: la construcci\u00f3n de lo p\u00fablico el s\u00e1bado 18 de mayo a las 18:00 horas, en la Pinacoteca Diego Rivera. Para solicitar m\u00e1s informaci\u00f3n, llamar al tel\u00e9fono 228.812.7369. Consulta las actividades de la Pinacoteca y el Programa de Inclusi\u00f3n a trav\u00e9s de las Artes de la SECVER en las redes sociales @PinacotecaDR e @InclusionSECVER. Visita el sitio web www.culturaveracruz.gob.mx para conocer toda la oferta cultural de la Secretar\u00eda.<\/p>\n","protected":false},"excerpt":{"rendered":"<p>Visitas: 2La Secretar\u00eda de Cultura de Veracruz, por medio de su Programa de Inclusi\u00f3n a trav\u00e9s de las Artes y en coordinaci\u00f3n con el Programa Educaci\u00f3n y Cultura para Comunidades Sordas de la Secretar\u00eda de Educaci\u00f3n de Veracruz, invitan a disfrutar de la visita guiada en Lengua de Se\u00f1as Mexicana que se llevar\u00e1 a cabo [&hellip;]<\/p>\n","protected":false},"author":2,"featured_media":209716,"comment_status":"open","ping_status":"open","sticky":false,"template":"","format":"standard","meta":{"footnotes":""},"categories":[237,236],"tags":[],"class_list":{"0":"post-209715","1":"post","2":"type-post","3":"status-publish","4":"format-standard","5":"has-post-thumbnail","7":"category-xalapa","8":"category-zona-centro"},"nelio_content":{"isAutoShareEnabled":true,"autoShareEndMode":"never","automationSources":{"useCustomSentences":false,"customSentences":[]},"followers":[],"suggestedReferences":[],"efiUrl":"","efiAlt":"","highlights":[],"permalinkQueryArgs":[],"series":[]},"_links":{"self":[{"href":"https:\/\/www.enteratever.com\/2023\/wp-json\/wp\/v2\/posts\/209715","targetHints":{"allow":["GET"]}}],"collection":[{"href":"https:\/\/www.enteratever.com\/2023\/wp-json\/wp\/v2\/posts"}],"about":[{"href":"https:\/\/www.enteratever.com\/2023\/wp-json\/wp\/v2\/types\/post"}],"author":[{"embeddable":true,"href":"https:\/\/www.enteratever.com\/2023\/wp-json\/wp\/v2\/users\/2"}],"replies":[{"embeddable":true,"href":"https:\/\/www.enteratever.com\/2023\/wp-json\/wp\/v2\/comments?post=209715"}],"version-history":[{"count":1,"href":"https:\/\/www.enteratever.com\/2023\/wp-json\/wp\/v2\/posts\/209715\/revisions"}],"predecessor-version":[{"id":209718,"href":"https:\/\/www.enteratever.com\/2023\/wp-json\/wp\/v2\/posts\/209715\/revisions\/209718"}],"wp:featuredmedia":[{"embeddable":true,"href":"https:\/\/www.enteratever.com\/2023\/wp-json\/wp\/v2\/media\/209716"}],"wp:attachment":[{"href":"https:\/\/www.enteratever.com\/2023\/wp-json\/wp\/v2\/media?parent=209715"}],"wp:term":[{"taxonomy":"category","embeddable":true,"href":"https:\/\/www.enteratever.com\/2023\/wp-json\/wp\/v2\/categories?post=209715"},{"taxonomy":"post_tag","embeddable":true,"href":"https:\/\/www.enteratever.com\/2023\/wp-json\/wp\/v2\/tags?post=209715"}],"curies":[{"name":"wp","href":"https:\/\/api.w.org\/{rel}","templated":true}]}}