{"id":209610,"date":"2024-05-13T11:01:02","date_gmt":"2024-05-13T17:01:02","guid":{"rendered":"https:\/\/www.enteratever.com\/2023\/?p=209610"},"modified":"2024-05-13T11:01:02","modified_gmt":"2024-05-13T17:01:02","slug":"la-galeria-de-arte-contemporaneo-de-xalapa-se-suma-a-la-celebracion-del-dia-internacional-de-los-museos","status":"publish","type":"post","link":"https:\/\/www.enteratever.com\/2023\/2024\/05\/13\/la-galeria-de-arte-contemporaneo-de-xalapa-se-suma-a-la-celebracion-del-dia-internacional-de-los-museos\/","title":{"rendered":"La Galer\u00eda de Arte Contempor\u00e1neo de Xalapa se suma a la celebraci\u00f3n del D\u00eda Internacional de los Museos"},"content":{"rendered":"<p>Visitas: 1<\/p><p>La Secretar\u00eda de Cultura de Veracruz, a trav\u00e9s de la Galer\u00eda de Arte Contempor\u00e1neo de Xalapa, invita a participar en las actividades con motivo del D\u00eda Internacional de los Museos que se realizar\u00e1n el s\u00e1bado 18 y martes 28 de mayo en este recinto SECVER. La entrada es gratuita.<\/p>\n<p>El D\u00eda Internacional de los Museos (DIM) es un momento excepcional para la comunidad muse\u00edstica de todo el mundo; desde 1977 el Consejo Internacional de Museos (ICOM, por sus siglas en ingl\u00e9s) estableci\u00f3 el 18 de mayo como fecha para sensibilizar al p\u00fablico sobre el importante papel de los museos en el desarrollo de la sociedad. Este d\u00eda aboga por un mundo m\u00e1s consciente, sostenible e integrador.<\/p>\n<p>El 18 de mayo a las 11:00 horas la Galer\u00eda de Arte Contempor\u00e1neo de Xalapa se suma a esta celebraci\u00f3n con GACXci\u00f3n, serie de actividades l\u00fadicas para infancias donde se presentar\u00e1 a la galer\u00eda como un espacio que invita a las ni\u00f1as y los ni\u00f1os a acercarse a la cultura y el arte. Con la gu\u00eda de Miranda Bernal, colaboradora de la SECVER, las y los participantes podr\u00e1n crear una peque\u00f1a pieza de grabado basada en la exposici\u00f3n La m\u00e1scara habitada: un recorrido por los abismos del ser, de Sebastian Fund, y participar\u00e1n en un juego de memorama basado en las piezas de la muestra colectiva Or\u00edgenes: relatos hilados.<\/p>\n<p>Por la tarde se llevar\u00e1 a cabo la Ruta cultural, recorrido que inicia a las 18:00 horas en la Pinacoteca Diego Rivera con una visita a la exposici\u00f3n David Alfaro Siqueiros: la construcci\u00f3n de lo p\u00fablico y concluye en la GACX con un ejercicio de reflexi\u00f3n sobre La m\u00e1scara habitada: un recorrido por los abismos del ser. Las personas interesadas habr\u00e1n de presentarse a las 18:00 horas en la Pinacoteca Diego Rivera; se recomienda el uso de ropa y calzado c\u00f3modo.<\/p>\n<p>Finalmente, el martes 28 de mayo a las 18:00 horas el programa \u201cMartes de filosof\u00eda\u201d abordar\u00e1 el tema Educaci\u00f3n y museos. Marcelino Arias Sandi y Enrique S\u00e1nchez Ballesteros ser\u00e1n los encargados de generar el debate y la reflexi\u00f3n a trav\u00e9s de preceptos filos\u00f3ficos, motivando al p\u00fablico asistente a aportar su punto de vista.<\/p>\n<p>La SECVER reitera la invitaci\u00f3n a celebrar el D\u00eda Internacional de los Museos con las actividades gratuitas que ha organizado la Galer\u00eda de Arte Contempor\u00e1neo de Xalapa. Conoce el programa de este espacio cultural en su blog http:\/\/gacxalapa.blogspot.com y sus redes sociales @GACXalapa. Tambi\u00e9n consulta el sitio web www.culturaveracruz.gob.mx para conocer la cartelera que la Secretar\u00eda de Cultura ha preparado para festejar el #DIM2024.<\/p>\n","protected":false},"excerpt":{"rendered":"<p>Visitas: 1La Secretar\u00eda de Cultura de Veracruz, a trav\u00e9s de la Galer\u00eda de Arte Contempor\u00e1neo de Xalapa, invita a participar en las actividades con motivo del D\u00eda Internacional de los Museos que se realizar\u00e1n el s\u00e1bado 18 y martes 28 de mayo en este recinto SECVER. La entrada es gratuita. El D\u00eda Internacional de los [&hellip;]<\/p>\n","protected":false},"author":2,"featured_media":209612,"comment_status":"open","ping_status":"open","sticky":false,"template":"","format":"standard","meta":{"footnotes":""},"categories":[237,236],"tags":[],"class_list":{"0":"post-209610","1":"post","2":"type-post","3":"status-publish","4":"format-standard","5":"has-post-thumbnail","7":"category-xalapa","8":"category-zona-centro"},"nelio_content":{"isAutoShareEnabled":true,"autoShareEndMode":"never","automationSources":{"useCustomSentences":false,"customSentences":[]},"followers":[],"suggestedReferences":[],"efiUrl":"","efiAlt":"","highlights":[],"permalinkQueryArgs":[],"series":[]},"_links":{"self":[{"href":"https:\/\/www.enteratever.com\/2023\/wp-json\/wp\/v2\/posts\/209610","targetHints":{"allow":["GET"]}}],"collection":[{"href":"https:\/\/www.enteratever.com\/2023\/wp-json\/wp\/v2\/posts"}],"about":[{"href":"https:\/\/www.enteratever.com\/2023\/wp-json\/wp\/v2\/types\/post"}],"author":[{"embeddable":true,"href":"https:\/\/www.enteratever.com\/2023\/wp-json\/wp\/v2\/users\/2"}],"replies":[{"embeddable":true,"href":"https:\/\/www.enteratever.com\/2023\/wp-json\/wp\/v2\/comments?post=209610"}],"version-history":[{"count":1,"href":"https:\/\/www.enteratever.com\/2023\/wp-json\/wp\/v2\/posts\/209610\/revisions"}],"predecessor-version":[{"id":209614,"href":"https:\/\/www.enteratever.com\/2023\/wp-json\/wp\/v2\/posts\/209610\/revisions\/209614"}],"wp:featuredmedia":[{"embeddable":true,"href":"https:\/\/www.enteratever.com\/2023\/wp-json\/wp\/v2\/media\/209612"}],"wp:attachment":[{"href":"https:\/\/www.enteratever.com\/2023\/wp-json\/wp\/v2\/media?parent=209610"}],"wp:term":[{"taxonomy":"category","embeddable":true,"href":"https:\/\/www.enteratever.com\/2023\/wp-json\/wp\/v2\/categories?post=209610"},{"taxonomy":"post_tag","embeddable":true,"href":"https:\/\/www.enteratever.com\/2023\/wp-json\/wp\/v2\/tags?post=209610"}],"curies":[{"name":"wp","href":"https:\/\/api.w.org\/{rel}","templated":true}]}}